{"id":5995,"date":"2022-08-05T15:21:20","date_gmt":"2022-08-05T20:21:20","guid":{"rendered":"https:\/\/encuentro-tic.anuies.mx\/2024\/?p=5995"},"modified":"2022-08-30T10:07:03","modified_gmt":"2022-08-30T15:07:03","slug":"panel-virtual-universidad-digital-la-nueva-universidad-iberoamericana-y-sus-funciones","status":"publish","type":"post","link":"https:\/\/encuentro-tic.anuies.mx\/2024\/panel-virtual-universidad-digital-la-nueva-universidad-iberoamericana-y-sus-funciones\/","title":{"rendered":"Panel virtual &#8220;Universidad Digital: La nueva universidad iberoamericana y sus funciones&#8221;"},"content":{"rendered":"<div id=\"pl-5995\"  class=\"panel-layout\" ><div id=\"pg-5995-0\"  class=\"panel-grid panel-has-style\" ><div class=\"panel-row-style panel-row-style-for-5995-0\" ><div id=\"pgc-5995-0-0\"  class=\"panel-grid-cell\" ><div id=\"panel-5995-0-0-0\" class=\"so-panel widget widget_sow-editor panel-first-child panel-last-child\" data-index=\"0\" ><div class=\"panel-widget-style panel-widget-style-for-5995-0-0-0\" ><div\n\t\t\t\n\t\t\tclass=\"so-widget-sow-editor so-widget-sow-editor-base\"\n\t\t\t\n\t\t><h3 class=\"widget-title\">Panel virtual \"Universidad Digital: La nueva universidad iberoamericana y sus funciones\"<\/h3>\n<div class=\"siteorigin-widget-tinymce textwidget\">\n\t<p><img loading=\"lazy\" decoding=\"async\" class=\"aligncenter size-full wp-image-6000\" src=\"https:\/\/encuentro-tic.anuies.mx\/2024\/ctrl-content\/uploads\/sites\/11\/2022\/08\/panel-universidad-digital-02-scaled-e1659730530130.jpg\" alt=\"\" width=\"2560\" height=\"1062\" srcset=\"https:\/\/encuentro-tic.anuies.mx\/ctrl-content\/uploads\/sites\/11\/2022\/08\/panel-universidad-digital-02-scaled-e1659730530130.jpg 2560w, https:\/\/encuentro-tic.anuies.mx\/ctrl-content\/uploads\/sites\/11\/2022\/08\/panel-universidad-digital-02-scaled-e1659730530130-300x124.jpg 300w, https:\/\/encuentro-tic.anuies.mx\/ctrl-content\/uploads\/sites\/11\/2022\/08\/panel-universidad-digital-02-scaled-e1659730530130-1024x425.jpg 1024w, https:\/\/encuentro-tic.anuies.mx\/ctrl-content\/uploads\/sites\/11\/2022\/08\/panel-universidad-digital-02-scaled-e1659730530130-1536x637.jpg 1536w, https:\/\/encuentro-tic.anuies.mx\/ctrl-content\/uploads\/sites\/11\/2022\/08\/panel-universidad-digital-02-scaled-e1659730530130-2048x850.jpg 2048w, https:\/\/encuentro-tic.anuies.mx\/ctrl-content\/uploads\/sites\/11\/2022\/08\/panel-universidad-digital-02-scaled-e1659730530130-920x382.jpg 920w, https:\/\/encuentro-tic.anuies.mx\/ctrl-content\/uploads\/sites\/11\/2022\/08\/panel-universidad-digital-02-scaled-e1659730530130-230x95.jpg 230w, https:\/\/encuentro-tic.anuies.mx\/ctrl-content\/uploads\/sites\/11\/2022\/08\/panel-universidad-digital-02-scaled-e1659730530130-350x145.jpg 350w, https:\/\/encuentro-tic.anuies.mx\/ctrl-content\/uploads\/sites\/11\/2022\/08\/panel-universidad-digital-02-scaled-e1659730530130-480x199.jpg 480w, https:\/\/encuentro-tic.anuies.mx\/ctrl-content\/uploads\/sites\/11\/2022\/08\/panel-universidad-digital-02-scaled-e1659730530130-768x319.jpg 768w\" sizes=\"auto, (max-width: 2560px) 100vw, 2560px\" \/><\/p>\n<h4 style=\"text-align: left;\"><strong>Acerca del panel<\/strong><\/h4>\n<p style=\"text-align: justify;\"><span style=\"font-weight: 400;\">Un mes antes de que la Organizaci\u00f3n Mundial de la Salud declarara la pandemia, se celebr\u00f3 la primera Reuni\u00f3n de Ministras, Ministros y Altas Autoridades de Educaci\u00f3n Superior, donde se acord\u00f3 formular una propuesta de Estrategia Iberoamericana de Transformaci\u00f3n Digital de la Educaci\u00f3n Superior. La irrupci\u00f3n de la pandemia aceler\u00f3 los trabajos y gracias a MetaRed, con el apoyo de Universia y Santander Universidades se ha podido consolidar una plataforma de cooperaci\u00f3n \u00fanica y de gran valor.<\/span><\/p>\n<p style=\"text-align: justify;\"><span style=\"font-weight: 400;\">Derivado de esto, se public\u00f3 el primer Estudio de la madurez digital en sistemas universitarios iberoamericanos: UDigital 2020. Este documento y el grupo de trabaj\u00f3 que lo desarroll\u00f3, se han constituido como referente obligado cuando se habla de la transformaci\u00f3n digital de las universidades e Instituciones de Educaci\u00f3n Superior en Iberoam\u00e9rica.<\/span><\/p>\n<p style=\"text-align: justify;\"><span style=\"font-weight: 400;\">En el citado estudio se dice que:<\/span><\/p>\n<p style=\"padding-left: 40px; text-align: justify;\"><strong><em>\u201cLas universidades iberoamericanas han abordado su transformaci\u00f3n digital, aunque no todas al mismo ritmo, ni con una visi\u00f3n transversal e integral de la tecnolog\u00eda. Lo primero que deben determinar es el concepto de universidad para los tiempos actuales, y dise\u00f1ar la estrategia para alcanzarla. En estos momentos est\u00e1 fuera de toda duda que la universidad debe ser digital, pero esta debe ir acompa\u00f1ada de otras caracter\u00edsticas: flexible, \u00e1gil, innovadora, emprendedora\u2026\u201d<\/em><\/strong><\/p>\n<p style=\"text-align: justify;\"><span style=\"font-weight: 400;\">La universidad, como una de las instituciones m\u00e1s importantes y complejas de la humanidad, ha sufrido distintas transformaciones a lo largo de los siglos.<\/span><\/p>\n<p style=\"text-align: justify;\"><span style=\"font-weight: 400;\">El objetivo de este panel es reflexionar sobre la transformaci\u00f3n digital y su impacto en la conformaci\u00f3n de una nueva universidad iberoamericana. Para ello, hemos invitado a tres de los autores del estudio UDugital 2020.<\/span><\/p>\n<h3>Fecha: <span style=\"color: #800000;\">lunes 24 de octubre de 2022<\/span> Hora: <span style=\"color: #800000;\">13:00 - 14:30 h (CDMX)<\/span><\/h3>\n<h3><strong>Moderador: <span style=\"color: #800000;\"><b>Mtro. Alfredo Garc\u00eda Zavala<\/b>.<\/span><\/strong><\/h3>\n<h3 style=\"text-align: center;\"><span style=\"color: #800000;\"><b><img loading=\"lazy\" decoding=\"async\" class=\"wp-image-6001 alignleft\" src=\"https:\/\/encuentro-tic.anuies.mx\/2024\/ctrl-content\/uploads\/sites\/11\/2022\/08\/alfredo-garcia-05.png\" alt=\"\" width=\"250\" height=\"250\" srcset=\"https:\/\/encuentro-tic.anuies.mx\/ctrl-content\/uploads\/sites\/11\/2022\/08\/alfredo-garcia-05.png 2015w, https:\/\/encuentro-tic.anuies.mx\/ctrl-content\/uploads\/sites\/11\/2022\/08\/alfredo-garcia-05-300x300.png 300w, https:\/\/encuentro-tic.anuies.mx\/ctrl-content\/uploads\/sites\/11\/2022\/08\/alfredo-garcia-05-1024x1024.png 1024w, https:\/\/encuentro-tic.anuies.mx\/ctrl-content\/uploads\/sites\/11\/2022\/08\/alfredo-garcia-05-150x150.png 150w, https:\/\/encuentro-tic.anuies.mx\/ctrl-content\/uploads\/sites\/11\/2022\/08\/alfredo-garcia-05-1536x1536.png 1536w, https:\/\/encuentro-tic.anuies.mx\/ctrl-content\/uploads\/sites\/11\/2022\/08\/alfredo-garcia-05-920x920.png 920w, https:\/\/encuentro-tic.anuies.mx\/ctrl-content\/uploads\/sites\/11\/2022\/08\/alfredo-garcia-05-230x230.png 230w, https:\/\/encuentro-tic.anuies.mx\/ctrl-content\/uploads\/sites\/11\/2022\/08\/alfredo-garcia-05-350x350.png 350w, https:\/\/encuentro-tic.anuies.mx\/ctrl-content\/uploads\/sites\/11\/2022\/08\/alfredo-garcia-05-480x480.png 480w\" sizes=\"auto, (max-width: 250px) 100vw, 250px\" \/><\/b><\/span><\/h3>\n<h4><strong>Presidente de la Sociedad Mexicana de Computaci\u00f3n en la Educaci\u00f3n (SOMECE).<\/strong><\/h4>\n<p style=\"text-align: justify;\"><span style=\"font-weight: 400;\">Ingeniero Electr\u00f3nico con estudios de Maestr\u00eda en Comunicaci\u00f3n y Tecnolog\u00edas Educativas, Maestro en Dise\u00f1o y Gesti\u00f3n de Proyectos Tecnol\u00f3gicos, Especialista en Entornos Virtuales de Aprendizaje y Doctorante en Educaci\u00f3n. Ha sido profesor en distintas instituciones, entre las que destaca el Colegio de Ciencias y Humanidades de la UNAM y la Universidad ORT M\u00e9xico, donde tambi\u00e9n es Director de Tecnolog\u00eda e Innovaci\u00f3n. Es Presidente de la Sociedad Mexicana de Computaci\u00f3n en la Educaci\u00f3n (SOMECE), organizaci\u00f3n que desde 1984 se dedica a promover la incorporaci\u00f3n racional y creativa de la tecnolog\u00eda en la educaci\u00f3n.<\/span><\/p>\n<p>&nbsp;<\/p>\n<p>&nbsp;<\/p>\n<h3 style=\"text-align: center;\"><strong>Panelistas<\/strong><\/h3>\n<table style=\"border-collapse: collapse; width: 100%;\" border=\"1\">\n<tbody>\n<tr>\n<td style=\"width: 50%;\">\n<h3 style=\"text-align: center;\"><span style=\"color: #800000;\"><b>Dra. Susana Cadena Vela<\/b><\/span><\/h3>\n<p><img loading=\"lazy\" decoding=\"async\" class=\"aligncenter wp-image-6002\" src=\"https:\/\/encuentro-tic.anuies.mx\/2024\/ctrl-content\/uploads\/sites\/11\/2022\/08\/susana-cadena-06.png\" alt=\"\" width=\"250\" height=\"250\" srcset=\"https:\/\/encuentro-tic.anuies.mx\/ctrl-content\/uploads\/sites\/11\/2022\/08\/susana-cadena-06.png 2015w, https:\/\/encuentro-tic.anuies.mx\/ctrl-content\/uploads\/sites\/11\/2022\/08\/susana-cadena-06-300x300.png 300w, https:\/\/encuentro-tic.anuies.mx\/ctrl-content\/uploads\/sites\/11\/2022\/08\/susana-cadena-06-1024x1024.png 1024w, https:\/\/encuentro-tic.anuies.mx\/ctrl-content\/uploads\/sites\/11\/2022\/08\/susana-cadena-06-150x150.png 150w, https:\/\/encuentro-tic.anuies.mx\/ctrl-content\/uploads\/sites\/11\/2022\/08\/susana-cadena-06-1536x1536.png 1536w, https:\/\/encuentro-tic.anuies.mx\/ctrl-content\/uploads\/sites\/11\/2022\/08\/susana-cadena-06-920x920.png 920w, https:\/\/encuentro-tic.anuies.mx\/ctrl-content\/uploads\/sites\/11\/2022\/08\/susana-cadena-06-230x230.png 230w, https:\/\/encuentro-tic.anuies.mx\/ctrl-content\/uploads\/sites\/11\/2022\/08\/susana-cadena-06-350x350.png 350w, https:\/\/encuentro-tic.anuies.mx\/ctrl-content\/uploads\/sites\/11\/2022\/08\/susana-cadena-06-480x480.png 480w\" sizes=\"auto, (max-width: 250px) 100vw, 250px\" \/><\/p>\n<h4 style=\"text-align: justify; padding-left: 40px;\"><b>Docente investigadora de la Universidad Central del Ecuador y PHd de la Universidad de Alicante en Espa\u00f1a.<\/b><\/h4>\n<p style=\"padding-left: 40px; text-align: justify;\"><span style=\"font-weight: 400;\">Profesional en Inform\u00e1tica y Docencia en Educaci\u00f3n Superior, Direcci\u00f3n de Proyectos de tecnolog\u00eda en instituciones p\u00fablicas y privadas. Becaria de Agencia Espa\u00f1ola de Cooperaci\u00f3n Internacional y por las Naciones Unidas para profundizar en temas relacionados con las aplicaciones de Tecnolog\u00eda en la Educaci\u00f3n,&nbsp; Educaci\u00f3n Superior y Tecnolog\u00eda Educativa. Actualmente es Docente investigadora de la Universidad Central del Ecuador y PHd de la Universidad de Alicante en Espa\u00f1a, con el tema Metodolog\u00eda de Implementaci\u00f3n de portales de Datos Abiertos . Investigaciones para Gesti\u00f3n de TI, Tecnolog\u00eda Educativa, Open Data, Calidad de Datos. Directora del Proyecto de Investigaci\u00f3n de Indicadores Acad\u00e9micos para mejora de la Calidad en la Educaci\u00f3n Superior.<\/span><\/p>\n<p>&nbsp;<\/p>\n<\/td>\n<td style=\"width: 50%;\">\n<h3 style=\"text-align: center;\"><span style=\"color: #800000;\"><b>Mtro. Tom\u00e1s Rodr\u00edguez Elizondo<\/b><\/span><\/h3>\n<p><img loading=\"lazy\" decoding=\"async\" class=\"aligncenter wp-image-6003\" src=\"https:\/\/encuentro-tic.anuies.mx\/2024\/ctrl-content\/uploads\/sites\/11\/2022\/08\/tomas-rodriguez-08.png\" alt=\"\" width=\"250\" height=\"250\" srcset=\"https:\/\/encuentro-tic.anuies.mx\/ctrl-content\/uploads\/sites\/11\/2022\/08\/tomas-rodriguez-08.png 2015w, https:\/\/encuentro-tic.anuies.mx\/ctrl-content\/uploads\/sites\/11\/2022\/08\/tomas-rodriguez-08-300x300.png 300w, https:\/\/encuentro-tic.anuies.mx\/ctrl-content\/uploads\/sites\/11\/2022\/08\/tomas-rodriguez-08-1024x1024.png 1024w, https:\/\/encuentro-tic.anuies.mx\/ctrl-content\/uploads\/sites\/11\/2022\/08\/tomas-rodriguez-08-150x150.png 150w, https:\/\/encuentro-tic.anuies.mx\/ctrl-content\/uploads\/sites\/11\/2022\/08\/tomas-rodriguez-08-1536x1536.png 1536w, https:\/\/encuentro-tic.anuies.mx\/ctrl-content\/uploads\/sites\/11\/2022\/08\/tomas-rodriguez-08-920x920.png 920w, https:\/\/encuentro-tic.anuies.mx\/ctrl-content\/uploads\/sites\/11\/2022\/08\/tomas-rodriguez-08-230x230.png 230w, https:\/\/encuentro-tic.anuies.mx\/ctrl-content\/uploads\/sites\/11\/2022\/08\/tomas-rodriguez-08-350x350.png 350w, https:\/\/encuentro-tic.anuies.mx\/ctrl-content\/uploads\/sites\/11\/2022\/08\/tomas-rodriguez-08-480x480.png 480w\" sizes=\"auto, (max-width: 250px) 100vw, 250px\" \/><\/p>\n<h4 style=\"text-align: justify; padding-left: 40px;\"><b>Director de Tecnolog\u00edas de Informaci\u00f3n de Grupo KMM.<\/b><\/h4>\n<p style=\"padding-left: 40px; text-align: justify;\"><span style=\"font-weight: 400;\">Ingeniero Administrador de Sistemas con Maestr\u00eda en Administraci\u00f3n Financiera por la Facultad de Ingenier\u00eda Mec\u00e1nica y El\u00e9ctrica de la Universidad Aut\u00f3noma de Nuevo Le\u00f3n. Actualmente es Director de Tecnolog\u00edas de Informaci\u00f3n de Grupo KMM - Carnes ViBa. Fue Subdirector de Proyectos y Servicios de la Direcci\u00f3n de Tecnolog\u00edas de la Informaci\u00f3n de la Universidad Aut\u00f3noma de Nuevo Le\u00f3n hasta el 31 de Mayo del 2022 y fue el responsable del Portafolio de Proyectos de TI de la Instituci\u00f3n y de la Planeaci\u00f3n Estrat\u00e9gica de TI. Fue L\u00edder Implementador del Sistema de Calidad de TI de la UANL, donde se han logrado las certificaciones en ISO 9001:2015, CMMI Nivel 3, ISO 2000:2015, ISO 27001, COBIT, entre otras. Ha sido co-autor de la publicaci\u00f3n \u201cEstado actual de las TIC en las Instituciones de Educaci\u00f3n Superior de M\u00e9xico, indicadores de TIC en las IES\u201d del 2016 al 2021 de la Asociaci\u00f3n Nacional de Universidades e Instituciones de Educaci\u00f3n Superior de M\u00e9xico.<\/span><\/p>\n<\/td>\n<\/tr>\n<tr>\n<td style=\"width: 50%;\">\n<h3 style=\"text-align: center;\"><span style=\"color: #800000;\"><b>Antonio Fern\u00e1ndez Mart\u00ednez<\/b><\/span><\/h3>\n<p><img loading=\"lazy\" decoding=\"async\" class=\"aligncenter wp-image-6004\" src=\"https:\/\/encuentro-tic.anuies.mx\/2024\/ctrl-content\/uploads\/sites\/11\/2022\/08\/antonio-fernandez-07.png\" alt=\"\" width=\"250\" height=\"250\" srcset=\"https:\/\/encuentro-tic.anuies.mx\/ctrl-content\/uploads\/sites\/11\/2022\/08\/antonio-fernandez-07.png 2015w, https:\/\/encuentro-tic.anuies.mx\/ctrl-content\/uploads\/sites\/11\/2022\/08\/antonio-fernandez-07-300x300.png 300w, https:\/\/encuentro-tic.anuies.mx\/ctrl-content\/uploads\/sites\/11\/2022\/08\/antonio-fernandez-07-1024x1024.png 1024w, https:\/\/encuentro-tic.anuies.mx\/ctrl-content\/uploads\/sites\/11\/2022\/08\/antonio-fernandez-07-150x150.png 150w, https:\/\/encuentro-tic.anuies.mx\/ctrl-content\/uploads\/sites\/11\/2022\/08\/antonio-fernandez-07-1536x1536.png 1536w, https:\/\/encuentro-tic.anuies.mx\/ctrl-content\/uploads\/sites\/11\/2022\/08\/antonio-fernandez-07-920x920.png 920w, https:\/\/encuentro-tic.anuies.mx\/ctrl-content\/uploads\/sites\/11\/2022\/08\/antonio-fernandez-07-230x230.png 230w, https:\/\/encuentro-tic.anuies.mx\/ctrl-content\/uploads\/sites\/11\/2022\/08\/antonio-fernandez-07-350x350.png 350w, https:\/\/encuentro-tic.anuies.mx\/ctrl-content\/uploads\/sites\/11\/2022\/08\/antonio-fernandez-07-480x480.png 480w\" sizes=\"auto, (max-width: 250px) 100vw, 250px\" \/><\/p>\n<h4 style=\"text-align: justify; padding-left: 40px;\"><b>Profesor del Departamento de Inform\u00e1tica de la Universidad de Almer\u00eda en Espa\u00f1a y Coordinador del Equipo gti4u.<\/b><\/h4>\n<p style=\"text-align: justify; padding-left: 40px;\"><span style=\"font-weight: 400;\">Coordinador del Equipo gti4u, Responsable cient\u00edfico del estudio UNIVERSITIC: An\u00e1lisis de la madurez digital de las universidades espa\u00f1olas (desde 2006 a 2020), Coautor del estudio iberoamericano UDIGITAL 2020 (MetaRed). Profesor Titular de Universidad del \u00e1rea de Ciencia de la Computaci\u00f3n e Inteligencia Artificial del departamento de Inform\u00e1tica de la Universidad de Almer\u00eda. <\/span><\/p>\n<p>&nbsp;<\/p>\n<\/td>\n<td style=\"width: 50%;\">&nbsp;<\/td>\n<\/tr>\n<\/tbody>\n<\/table>\n<p style=\"text-align: center;\"><a class=\"fasc-button fasc-size-large fasc-type-flat fasc-rounded-medium fasc-ico-before dashicons-undo\" style=\"background-color: #1d2b75; color: #ffffff;\" href=\"https:\/\/encuentro-tic.anuies.mx\/2024\/programa2022\/\">Regresar al programa<\/a><\/p>\n<p style=\"text-align: center;\"><a class=\"fasc-button fasc-size-large fasc-type-flat fasc-rounded-medium fasc-ico-before dashicons-admin-site\" style=\"background-color: #a18427; color: #ffffff;\" target=\"_blank\" rel=\"noopener\" href=\"https:\/\/registro-tic.anuies.mx\/\">Reg\u00edstrate aqu\u00ed<\/a><\/p>\n<\/div>\n<\/div><\/div><\/div><\/div><\/div><\/div><\/div>","protected":false},"excerpt":{"rendered":"<p>Acerca del panel Un mes antes de que la Organizaci\u00f3n Mundial de la Salud declarara la pandemia, se celebr\u00f3 la primera Reuni\u00f3n de Ministras, Ministros y Altas Autoridades de Educaci\u00f3n Superior, donde se acord\u00f3 formular una propuesta de Estrategia Iberoamericana de Transformaci\u00f3n Digital de la Educaci\u00f3n Superior. La irrupci\u00f3n de la pandemia aceler\u00f3 los trabajos&hellip; <br \/> <a class=\"button small blue\" href=\"https:\/\/encuentro-tic.anuies.mx\/2024\/panel-virtual-universidad-digital-la-nueva-universidad-iberoamericana-y-sus-funciones\/\">Leer m\u00e1s<\/a><\/p>\n","protected":false},"author":1,"featured_media":6007,"comment_status":"closed","ping_status":"closed","sticky":false,"template":"post-templates\/post_full.php","format":"standard","meta":{"_exactmetrics_skip_tracking":false,"_exactmetrics_sitenote_active":false,"_exactmetrics_sitenote_note":"","_exactmetrics_sitenote_category":0,"ngg_post_thumbnail":0,"footnotes":""},"categories":[82],"tags":[],"class_list":["post-5995","post","type-post","status-publish","format-standard","has-post-thumbnail","hentry","category-paneles"],"rttpg_featured_image_url":{"full":["https:\/\/encuentro-tic.anuies.mx\/ctrl-content\/uploads\/sites\/11\/2022\/08\/panel-universidad-digital_Mesa-de-trabajo-1-scaled-e1659731382390.jpg",2560,2316,false],"landscape":["https:\/\/encuentro-tic.anuies.mx\/ctrl-content\/uploads\/sites\/11\/2022\/08\/panel-universidad-digital_Mesa-de-trabajo-1-scaled-e1659731382390.jpg",2560,2316,false],"portraits":["https:\/\/encuentro-tic.anuies.mx\/ctrl-content\/uploads\/sites\/11\/2022\/08\/panel-universidad-digital_Mesa-de-trabajo-1-scaled-e1659731382390.jpg",2560,2316,false],"thumbnail":["https:\/\/encuentro-tic.anuies.mx\/ctrl-content\/uploads\/sites\/11\/2022\/08\/panel-universidad-digital_Mesa-de-trabajo-1-scaled-e1659731382390-150x150.jpg",150,150,true],"medium":["https:\/\/encuentro-tic.anuies.mx\/ctrl-content\/uploads\/sites\/11\/2022\/08\/panel-universidad-digital_Mesa-de-trabajo-1-scaled-e1659731382390-300x271.jpg",300,271,true],"large":["https:\/\/encuentro-tic.anuies.mx\/ctrl-content\/uploads\/sites\/11\/2022\/08\/panel-universidad-digital_Mesa-de-trabajo-1-scaled-e1659731382390-1024x926.jpg",1024,926,true],"post-slider-thumb-size":["https:\/\/encuentro-tic.anuies.mx\/ctrl-content\/uploads\/sites\/11\/2022\/08\/panel-universidad-digital_Mesa-de-trabajo-1-scaled-e1659731382390-330x190.jpg",330,190,true],"1536x1536":["https:\/\/encuentro-tic.anuies.mx\/ctrl-content\/uploads\/sites\/11\/2022\/08\/panel-universidad-digital_Mesa-de-trabajo-1-scaled-e1659731382390-1536x1390.jpg",1536,1390,true],"2048x2048":["https:\/\/encuentro-tic.anuies.mx\/ctrl-content\/uploads\/sites\/11\/2022\/08\/panel-universidad-digital_Mesa-de-trabajo-1-scaled-e1659731382390-2048x1853.jpg",2048,1853,true],"post-thumbnail":["https:\/\/encuentro-tic.anuies.mx\/ctrl-content\/uploads\/sites\/11\/2022\/08\/panel-universidad-digital_Mesa-de-trabajo-1-scaled-e1659731382390.jpg",1024,926,false],"one-page-express-full-hd":["https:\/\/encuentro-tic.anuies.mx\/ctrl-content\/uploads\/sites\/11\/2022\/08\/panel-universidad-digital_Mesa-de-trabajo-1-scaled-e1659731382390.jpg",1194,1080,false],"sow-carousel-default":["https:\/\/encuentro-tic.anuies.mx\/ctrl-content\/uploads\/sites\/11\/2022\/08\/panel-universidad-digital_Mesa-de-trabajo-1-scaled-e1659731382390-272x182.jpg",272,182,true]},"rttpg_author":{"display_name":"ctrlweb","author_link":"https:\/\/encuentro-tic.anuies.mx\/2024\/author\/ctrlweb\/"},"rttpg_comment":0,"rttpg_category":"<a href=\"https:\/\/encuentro-tic.anuies.mx\/2024\/category\/paneles\/\" rel=\"category tag\">Paneles<\/a>","rttpg_excerpt":"Acerca del panel Un mes antes de que la Organizaci\u00f3n Mundial de la Salud declarara la pandemia, se celebr\u00f3 la primera Reuni\u00f3n de Ministras, Ministros y Altas Autoridades de Educaci\u00f3n Superior, donde se acord\u00f3 formular una propuesta de Estrategia Iberoamericana de Transformaci\u00f3n Digital de la Educaci\u00f3n Superior. La irrupci\u00f3n de la pandemia aceler\u00f3 los trabajos&hellip;&hellip;","_links":{"self":[{"href":"https:\/\/encuentro-tic.anuies.mx\/2024\/wp-json\/wp\/v2\/posts\/5995","targetHints":{"allow":["GET"]}}],"collection":[{"href":"https:\/\/encuentro-tic.anuies.mx\/2024\/wp-json\/wp\/v2\/posts"}],"about":[{"href":"https:\/\/encuentro-tic.anuies.mx\/2024\/wp-json\/wp\/v2\/types\/post"}],"author":[{"embeddable":true,"href":"https:\/\/encuentro-tic.anuies.mx\/2024\/wp-json\/wp\/v2\/users\/1"}],"replies":[{"embeddable":true,"href":"https:\/\/encuentro-tic.anuies.mx\/2024\/wp-json\/wp\/v2\/comments?post=5995"}],"version-history":[{"count":7,"href":"https:\/\/encuentro-tic.anuies.mx\/2024\/wp-json\/wp\/v2\/posts\/5995\/revisions"}],"predecessor-version":[{"id":6665,"href":"https:\/\/encuentro-tic.anuies.mx\/2024\/wp-json\/wp\/v2\/posts\/5995\/revisions\/6665"}],"wp:featuredmedia":[{"embeddable":true,"href":"https:\/\/encuentro-tic.anuies.mx\/2024\/wp-json\/wp\/v2\/media\/6007"}],"wp:attachment":[{"href":"https:\/\/encuentro-tic.anuies.mx\/2024\/wp-json\/wp\/v2\/media?parent=5995"}],"wp:term":[{"taxonomy":"category","embeddable":true,"href":"https:\/\/encuentro-tic.anuies.mx\/2024\/wp-json\/wp\/v2\/categories?post=5995"},{"taxonomy":"post_tag","embeddable":true,"href":"https:\/\/encuentro-tic.anuies.mx\/2024\/wp-json\/wp\/v2\/tags?post=5995"}],"curies":[{"name":"wp","href":"https:\/\/api.w.org\/{rel}","templated":true}]}}