{"id":9871,"date":"2023-09-22T11:45:33","date_gmt":"2023-09-22T17:45:33","guid":{"rendered":"https:\/\/encuentro-tic.anuies.mx\/2023\/?p=9871"},"modified":"2023-10-05T12:31:48","modified_gmt":"2023-10-05T18:31:48","slug":"aprendizaje-avanzado-con-telepresencia-y-asistencia-remota-inteligencia-artificial","status":"publish","type":"post","link":"https:\/\/encuentro-tic.anuies.mx\/2023\/aprendizaje-avanzado-con-telepresencia-y-asistencia-remota-inteligencia-artificial\/","title":{"rendered":"Aprendizaje Avanzado con Telepresencia y Asistencia Remota + Inteligencia Artificial"},"content":{"rendered":"<div id=\"pl-9871\"  class=\"panel-layout\" ><div id=\"pg-9871-0\"  class=\"panel-grid panel-no-style\" ><div id=\"pgc-9871-0-0\"  class=\"panel-grid-cell panel-grid-cell-empty\" ><\/div><div id=\"pgc-9871-0-1\"  class=\"panel-grid-cell\" ><div id=\"panel-9871-0-1-0\" class=\"so-panel widget widget_sow-editor panel-first-child\" data-index=\"0\" ><div\n\t\t\t\n\t\t\tclass=\"so-widget-sow-editor so-widget-sow-editor-base\"\n\t\t\t\n\t\t>\n<div class=\"siteorigin-widget-tinymce textwidget\">\n\t<style>hr {border: 0 ; border-top: 4px double gold; width: 90%;}<\/style>\n<hr \/>\n<p style=\"text-align: justify;\"><span style=\"font-size: 16pt; color: #000000;\"><img loading=\"lazy\" decoding=\"async\" class=\"aligncenter size-full wp-image-9309\" src=\"imagen.png\" alt=\"\" width=\"0\" height=\"0\"\/><\/span><\/p>\n<p><img loading=\"lazy\" decoding=\"async\" class=\"aligncenter size-full wp-image-10462\" src=\"https:\/\/encuentro-tic.anuies.mx\/ctrl-content\/uploads\/2023\/09\/conferencia-skilltech-02-1-e1696530549604.png\" alt=\"\" width=\"2133\" height=\"910\" srcset=\"https:\/\/encuentro-tic.anuies.mx\/ctrl-content\/uploads\/sites\/9\/2023\/09\/conferencia-skilltech-02-1-e1696530549604.png 2133w, https:\/\/encuentro-tic.anuies.mx\/ctrl-content\/uploads\/sites\/9\/2023\/09\/conferencia-skilltech-02-1-e1696530549604-300x128.png 300w, https:\/\/encuentro-tic.anuies.mx\/ctrl-content\/uploads\/sites\/9\/2023\/09\/conferencia-skilltech-02-1-e1696530549604-1024x437.png 1024w, https:\/\/encuentro-tic.anuies.mx\/ctrl-content\/uploads\/sites\/9\/2023\/09\/conferencia-skilltech-02-1-e1696530549604-1536x655.png 1536w, https:\/\/encuentro-tic.anuies.mx\/ctrl-content\/uploads\/sites\/9\/2023\/09\/conferencia-skilltech-02-1-e1696530549604-2048x874.png 2048w, https:\/\/encuentro-tic.anuies.mx\/ctrl-content\/uploads\/sites\/9\/2023\/09\/conferencia-skilltech-02-1-e1696530549604-1920x819.png 1920w, https:\/\/encuentro-tic.anuies.mx\/ctrl-content\/uploads\/sites\/9\/2023\/09\/conferencia-skilltech-02-1-e1696530549604-768x328.png 768w\" sizes=\"auto, (max-width: 2133px) 100vw, 2133px\" \/><\/p>\n<style>hr {border: 0 ; border-top: 4px double gold; width: 90%;}<\/style>\n<\/div>\n<\/div><\/div><div id=\"panel-9871-0-1-1\" class=\"so-panel widget widget_sow-editor\" data-index=\"1\" ><div\n\t\t\t\n\t\t\tclass=\"so-widget-sow-editor so-widget-sow-editor-base\"\n\t\t\t\n\t\t>\n<div class=\"siteorigin-widget-tinymce textwidget\">\n\t<p>&nbsp;<\/p>\n<style>hr {border: 0 ; border-top: 4px double gold; width: 90%;}<\/style>\n<hr \/>\n<p style=\"text-align: justify;\"><span style=\"font-size: 16pt; color: #000000;\">\u201cProfesor Avatar\u201d es una proyecci\u00f3n hologr\u00e1fica bidimensional que sirve para acercar a escala humana y en tiempo real una persona a un profesor que no est\u00e1 presencialmente al momento. El proyecto surgi\u00f3 a partir de que los profesores buscaban no solo transmitir conocimiento a los alumnos, sino tambi\u00e9n otorgarles una experiencia completa a trav\u00e9s de la vivencia. Aunado a esto, quer\u00edan crear algo disruptivo y de vanguardia donde no importara el tiempo ni las fronteras.<br \/>\nEl profesor Avatar, siempre est\u00e1 en mejora continua, y buscando adaptarse a nuevos entornos, actualmente se incorpora la inteligencia artificial, para potencializar la ense\u00f1anza y continuar innovando.<br \/>\n<\/span><\/p>\n<style>hr {border: 0 ; border-top: 4px double gold; width: 90%;}<\/style>\n<hr \/>\n<\/div>\n<\/div><\/div><div id=\"panel-9871-0-1-2\" class=\"so-panel widget widget_sow-editor panel-last-child\" data-index=\"2\" ><div\n\t\t\t\n\t\t\tclass=\"so-widget-sow-editor so-widget-sow-editor-base\"\n\t\t\t\n\t\t><h3 class=\"widget-title\">Dr. Luis Eduardo Lu\u00e9vano Belmonte<\/h3>\n<div class=\"siteorigin-widget-tinymce textwidget\">\n\t<p style=\"text-align: justify;\"><span style=\"font-size: 16pt; color: #000000;\"><strong>Desarrollador del modelo de telepresencia \u201cProfesor Avatar\u201d.&nbsp; M\u00e9xico.<\/strong><\/span><\/p>\n<p>&nbsp;<\/p>\n<p style=\"text-align: justify;\"><img loading=\"lazy\" decoding=\"async\" class=\"size-full wp-image-9969 alignleft\" src=\"https:\/\/encuentro-tic.anuies.mx\/ctrl-content\/uploads\/2023\/09\/Luis-E-circulo.png\" alt=\"\" width=\"285\" height=\"285\"\/><\/p>\n<p style=\"text-align: justify;\"><span style=\"font-size: 16pt; color: #000000;\">Desde 2011 desarrollador del modelo de telepresencia \u201cProfesor Avatar\u201d.<\/span><\/p>\n<p style=\"text-align: justify;\"><span style=\"font-size: 16pt;\">Primer profesor en el mundo en utilizar robots de telepresencia y proyecciones hologr\u00e1ficas en tiempo real, en clases universitarias oficiales.<\/span><\/p>\n<p style=\"text-align: justify;\"><span style=\"font-size: 16pt;\">Ganador Best Paper Award: Virtual and Augmented Reality in Education. 2015<\/span><\/p>\n<p style=\"text-align: justify;\"><span style=\"font-size: 16pt;\">Ganador de la medalla de plata en el concurso QS Stars Awards Reimagine Education (\u00d3scares de la Educaci\u00f3n) 2016.<\/span><\/p>\n<p style=\"text-align: justify;\"><span style=\"font-size: 16pt;\">Seleccionado por la revista \u201ce-learn\u201d como una de las 9 mentes m\u00e1s brillantes en el mundo de la educaci\u00f3n 2017.<\/span><\/p>\n<p style=\"text-align: justify;\"><span style=\"font-size: 16pt;\">Director general proyecto: \u201cEducaci\u00f3n para la reinsersi\u00f3n\u201d. Dirigido a brindar atenci\u00f3n psicol\u00f3gica, m\u00e9dica, educativa y de emprendimiento a los ex guerrilleros de las FARC en Colombia. Mediante modelo de telepresencia \u201cProfesor Avatar\u201d en alianza con el Ministerio de TIC del Gobierno de Colombia, Secretar\u00eda de Educaci\u00f3n de Antioquia y Tecnol\u00f3gico de Monterrey. 2019-2023.<\/span><\/p>\n<p style=\"text-align: justify;\"><span style=\"font-size: 16pt;\">Ganador de la medalla de bronze en la categor\u00eda \u201cRegional\u201d en el concurso QS Stars Awards Reimagine Education (\u00d3scares de la Educaci\u00f3n) 2020.<\/span><\/p>\n<p style=\"text-align: justify;\"><span style=\"font-size: 16pt;\">Ganador de la medalla de plata en la categor\u00eda \u201cICT Tools for Teaching\u201d en el concurso QS Stars Awards Reimagine Education (\u00d3scares de la Educaci\u00f3n) 2020.<\/span><\/p>\n<p style=\"text-align: justify;\"><span style=\"font-size: 16pt;\">Ganador de la medalla de oro en la categor\u00eda \u201cPeople\u00b4s Choice Award\u201d en el concurso QS Stars Awards Reimagine Education (\u00d3scares de la Educaci\u00f3n) 2020.<\/span><br \/>\n.<\/p>\n<p style=\"text-align: justify;\"><span style=\"font-size: 16pt; color: #000000;\">.<\/span><\/p>\n<p>&nbsp;<\/p>\n<\/div>\n<\/div><\/div><\/div><div id=\"pgc-9871-0-2\"  class=\"panel-grid-cell panel-grid-cell-mobile-last\" ><div id=\"panel-9871-0-2-0\" class=\"so-panel widget widget_sow-editor panel-first-child\" data-index=\"3\" ><div\n\t\t\t\n\t\t\tclass=\"so-widget-sow-editor so-widget-sow-editor-base\"\n\t\t\t\n\t\t>\n<div class=\"siteorigin-widget-tinymce textwidget\">\n\t<ul style=\"list-style-type: square;\">\n<li><strong>D\u00eda:<\/strong> viernes 13 de octubre<\/li>\n<li><strong>Hora:<\/strong> 11:00 \u2013 11:50 h (CDMX)<\/li>\n<li><strong>Lugar: Centro Cultural Universitario Bicentenario, UASLP<\/strong><\/li>\n<\/ul>\n<hr \/>\n<\/div>\n<\/div><\/div><div id=\"panel-9871-0-2-1\" class=\"so-panel widget widget_sow-editor\" data-index=\"4\" ><div\n\t\t\t\n\t\t\tclass=\"so-widget-sow-editor so-widget-sow-editor-base\"\n\t\t\t\n\t\t>\n<div class=\"siteorigin-widget-tinymce textwidget\">\n\t<p style=\"text-align: center;\"><a class=\"fasc-button fasc-size-large fasc-type-glossy fasc-rounded-medium fasc-ico-before dashicons-welcome-widgets-menus fasc-style-bold\" style=\"background-color: #194475; color: #ffffff;\" href=\"https:\/\/encuentro-tic.anuies.mx\/programa2023\/\">Programa<\/a><\/p>\n<p>&nbsp;<\/p>\n<p style=\"text-align: center;\"><a class=\"fasc-button fasc-size-large fasc-type-glossy fasc-rounded-medium fasc-ico-before dashicons-admin-site\" style=\"background-color: #691931; color: #ffffff;\" href=\"https:\/\/encuentro-tic.anuies.mx\/registro-encuentro\/\">Registro<\/a><\/p>\n<\/div>\n<\/div><\/div><div id=\"panel-9871-0-2-2\" class=\"so-panel widget widget_sow-editor panel-last-child\" data-index=\"5\" ><div\n\t\t\t\n\t\t\tclass=\"so-widget-sow-editor so-widget-sow-editor-base\"\n\t\t\t\n\t\t>\n<div class=\"siteorigin-widget-tinymce textwidget\">\n\t<p><img loading=\"lazy\" decoding=\"async\" class=\"aligncenter size-full wp-image-9819\" src=\"https:\/\/encuentro-tic.anuies.mx\/ctrl-content\/uploads\/2023\/09\/skilltech.png\" alt=\"\" width=\"300\" height=\"200\" srcset=\"https:\/\/encuentro-tic.anuies.mx\/ctrl-content\/uploads\/sites\/9\/2023\/09\/skilltech.png 300w, https:\/\/encuentro-tic.anuies.mx\/ctrl-content\/uploads\/sites\/9\/2023\/09\/skilltech-272x182.png 272w\" sizes=\"auto, (max-width: 300px) 100vw, 300px\" \/><\/p>\n<\/div>\n<\/div><\/div><\/div><div id=\"pgc-9871-0-3\"  class=\"panel-grid-cell panel-grid-cell-empty\" ><\/div><\/div><\/div>","protected":false},"excerpt":{"rendered":"<div class=\"pvc_clear\"><\/div>\n<p id=\"pvc_stats_9871\" class=\"pvc_stats all  \" data-element-id=\"9871\" style=\"\"><i class=\"pvc-stats-icon large\" aria-hidden=\"true\"><svg aria-hidden=\"true\" focusable=\"false\" data-prefix=\"far\" data-icon=\"chart-bar\" role=\"img\" xmlns=\"http:\/\/www.w3.org\/2000\/svg\" viewBox=\"0 0 512 512\" class=\"svg-inline--fa fa-chart-bar fa-w-16 fa-2x\"><path fill=\"currentColor\" d=\"M396.8 352h22.4c6.4 0 12.8-6.4 12.8-12.8V108.8c0-6.4-6.4-12.8-12.8-12.8h-22.4c-6.4 0-12.8 6.4-12.8 12.8v230.4c0 6.4 6.4 12.8 12.8 12.8zm-192 0h22.4c6.4 0 12.8-6.4 12.8-12.8V140.8c0-6.4-6.4-12.8-12.8-12.8h-22.4c-6.4 0-12.8 6.4-12.8 12.8v198.4c0 6.4 6.4 12.8 12.8 12.8zm96 0h22.4c6.4 0 12.8-6.4 12.8-12.8V204.8c0-6.4-6.4-12.8-12.8-12.8h-22.4c-6.4 0-12.8 6.4-12.8 12.8v134.4c0 6.4 6.4 12.8 12.8 12.8zM496 400H48V80c0-8.84-7.16-16-16-16H16C7.16 64 0 71.16 0 80v336c0 17.67 14.33 32 32 32h464c8.84 0 16-7.16 16-16v-16c0-8.84-7.16-16-16-16zm-387.2-48h22.4c6.4 0 12.8-6.4 12.8-12.8v-70.4c0-6.4-6.4-12.8-12.8-12.8h-22.4c-6.4 0-12.8 6.4-12.8 12.8v70.4c0 6.4 6.4 12.8 12.8 12.8z\" class=\"\"><\/path><\/svg><\/i> <img loading=\"lazy\" decoding=\"async\" width=\"16\" height=\"16\" alt=\"Loading\" src=\"https:\/\/encuentro-tic.anuies.mx\/ctrl-content\/plugins\/page-views-count\/ajax-loader-2x.gif\" border=0 \/><\/p>\n<div class=\"pvc_clear\"><\/div>\n<p>&nbsp; \u201cProfesor Avatar\u201d es una proyecci\u00f3n hologr\u00e1fica bidimensional que sirve para acercar a escala humana y en tiempo real una persona a un profesor que no est\u00e1 presencialmente al momento. El proyecto surgi\u00f3 a partir de que los profesores buscaban no solo transmitir conocimiento a los alumnos, sino tambi\u00e9n otorgarles una experiencia completa a trav\u00e9s&hellip; <br \/> <a class=\"button small blue\" href=\"https:\/\/encuentro-tic.anuies.mx\/2023\/aprendizaje-avanzado-con-telepresencia-y-asistencia-remota-inteligencia-artificial\/\">Leer m\u00e1s<\/a><\/p>\n","protected":false},"author":1,"featured_media":10463,"comment_status":"closed","ping_status":"closed","sticky":false,"template":"rttpg_full_width","format":"standard","meta":{"_exactmetrics_skip_tracking":false,"_exactmetrics_sitenote_active":false,"_exactmetrics_sitenote_note":"","_exactmetrics_sitenote_category":0,"ngg_post_thumbnail":0,"footnotes":""},"categories":[1,91],"tags":[],"class_list":["post-9871","post","type-post","status-publish","format-standard","has-post-thumbnail","hentry","category-conferencias","category-sin-banner"],"rttpg_featured_image_url":{"full":["https:\/\/encuentro-tic.anuies.mx\/ctrl-content\/uploads\/sites\/9\/2023\/09\/conferencia-skilltech_Mesa-de-trabajo-1-1-e1696530690323.png",1667,1494,false],"landscape":["https:\/\/encuentro-tic.anuies.mx\/ctrl-content\/uploads\/sites\/9\/2023\/09\/conferencia-skilltech_Mesa-de-trabajo-1-1-e1696530690323.png",1667,1494,false],"portraits":["https:\/\/encuentro-tic.anuies.mx\/ctrl-content\/uploads\/sites\/9\/2023\/09\/conferencia-skilltech_Mesa-de-trabajo-1-1-e1696530690323.png",1667,1494,false],"thumbnail":["https:\/\/encuentro-tic.anuies.mx\/ctrl-content\/uploads\/sites\/9\/2023\/09\/conferencia-skilltech_Mesa-de-trabajo-1-1-e1696530690323-150x150.png",150,150,true],"medium":["https:\/\/encuentro-tic.anuies.mx\/ctrl-content\/uploads\/sites\/9\/2023\/09\/conferencia-skilltech_Mesa-de-trabajo-1-1-e1696530690323-300x269.png",300,269,true],"large":["https:\/\/encuentro-tic.anuies.mx\/ctrl-content\/uploads\/sites\/9\/2023\/09\/conferencia-skilltech_Mesa-de-trabajo-1-1-e1696530690323-1024x918.png",1024,918,true],"post-slider-thumb-size":["https:\/\/encuentro-tic.anuies.mx\/ctrl-content\/uploads\/sites\/9\/2023\/09\/conferencia-skilltech_Mesa-de-trabajo-1-1-e1696530690323-330x190.png",330,190,true],"1536x1536":["https:\/\/encuentro-tic.anuies.mx\/ctrl-content\/uploads\/sites\/9\/2023\/09\/conferencia-skilltech_Mesa-de-trabajo-1-1-e1696530690323-1536x1377.png",1536,1377,true],"2048x2048":["https:\/\/encuentro-tic.anuies.mx\/ctrl-content\/uploads\/sites\/9\/2023\/09\/conferencia-skilltech_Mesa-de-trabajo-1-1-e1696530690323.png",1667,1494,false],"post-thumbnail":["https:\/\/encuentro-tic.anuies.mx\/ctrl-content\/uploads\/sites\/9\/2023\/09\/conferencia-skilltech_Mesa-de-trabajo-1-1-e1696530690323-1024x918.png",1024,918,true],"one-page-express-full-hd":["https:\/\/encuentro-tic.anuies.mx\/ctrl-content\/uploads\/sites\/9\/2023\/09\/conferencia-skilltech_Mesa-de-trabajo-1-1-e1696530690323-1205x1080.png",1205,1080,true],"sow-carousel-default":["https:\/\/encuentro-tic.anuies.mx\/ctrl-content\/uploads\/sites\/9\/2023\/09\/conferencia-skilltech_Mesa-de-trabajo-1-1-e1696530690323-272x182.png",272,182,true]},"rttpg_author":{"display_name":"ctrlweb","author_link":"https:\/\/encuentro-tic.anuies.mx\/2023\/author\/ctrlweb\/"},"rttpg_comment":0,"rttpg_category":"<a href=\"https:\/\/encuentro-tic.anuies.mx\/2023\/category\/conferencias\/\" rel=\"category tag\">Conferencias<\/a> <a href=\"https:\/\/encuentro-tic.anuies.mx\/2023\/category\/sin-banner\/\" rel=\"category tag\">SIn banner<\/a>","rttpg_excerpt":"&nbsp; \u201cProfesor Avatar\u201d es una proyecci\u00f3n hologr\u00e1fica bidimensional que sirve para acercar a escala humana y en tiempo real una persona a un profesor que no est\u00e1 presencialmente al momento. El proyecto surgi\u00f3 a partir de que los profesores buscaban no solo transmitir conocimiento a los alumnos, sino tambi\u00e9n otorgarles una experiencia completa a trav\u00e9s&hellip;&hellip;","_links":{"self":[{"href":"https:\/\/encuentro-tic.anuies.mx\/2023\/wp-json\/wp\/v2\/posts\/9871","targetHints":{"allow":["GET"]}}],"collection":[{"href":"https:\/\/encuentro-tic.anuies.mx\/2023\/wp-json\/wp\/v2\/posts"}],"about":[{"href":"https:\/\/encuentro-tic.anuies.mx\/2023\/wp-json\/wp\/v2\/types\/post"}],"author":[{"embeddable":true,"href":"https:\/\/encuentro-tic.anuies.mx\/2023\/wp-json\/wp\/v2\/users\/1"}],"replies":[{"embeddable":true,"href":"https:\/\/encuentro-tic.anuies.mx\/2023\/wp-json\/wp\/v2\/comments?post=9871"}],"version-history":[{"count":10,"href":"https:\/\/encuentro-tic.anuies.mx\/2023\/wp-json\/wp\/v2\/posts\/9871\/revisions"}],"predecessor-version":[{"id":10464,"href":"https:\/\/encuentro-tic.anuies.mx\/2023\/wp-json\/wp\/v2\/posts\/9871\/revisions\/10464"}],"wp:featuredmedia":[{"embeddable":true,"href":"https:\/\/encuentro-tic.anuies.mx\/2023\/wp-json\/wp\/v2\/media\/10463"}],"wp:attachment":[{"href":"https:\/\/encuentro-tic.anuies.mx\/2023\/wp-json\/wp\/v2\/media?parent=9871"}],"wp:term":[{"taxonomy":"category","embeddable":true,"href":"https:\/\/encuentro-tic.anuies.mx\/2023\/wp-json\/wp\/v2\/categories?post=9871"},{"taxonomy":"post_tag","embeddable":true,"href":"https:\/\/encuentro-tic.anuies.mx\/2023\/wp-json\/wp\/v2\/tags?post=9871"}],"curies":[{"name":"wp","href":"https:\/\/api.w.org\/{rel}","templated":true}]}}