{"id":9418,"date":"2023-09-11T11:59:25","date_gmt":"2023-09-11T17:59:25","guid":{"rendered":"https:\/\/encuentro-tic.anuies.mx\/2023\/?p=9418"},"modified":"2023-10-10T08:47:22","modified_gmt":"2023-10-10T14:47:22","slug":"la-inteligencia-artificial-etica-en-el-centro-de-la-legislacion-futura","status":"publish","type":"post","link":"https:\/\/encuentro-tic.anuies.mx\/2023\/la-inteligencia-artificial-etica-en-el-centro-de-la-legislacion-futura\/","title":{"rendered":"La Inteligencia Artificial \u00c9tica en el Centro de la Legislaci\u00f3n Futura"},"content":{"rendered":"<div id=\"pl-9418\"  class=\"panel-layout\" ><div id=\"pg-9418-0\"  class=\"panel-grid panel-no-style\" ><div id=\"pgc-9418-0-0\"  class=\"panel-grid-cell panel-grid-cell-empty\" ><\/div><div id=\"pgc-9418-0-1\"  class=\"panel-grid-cell\" ><div id=\"panel-9418-0-1-0\" class=\"so-panel widget widget_sow-editor panel-first-child\" data-index=\"0\" ><div\n\t\t\t\n\t\t\tclass=\"so-widget-sow-editor so-widget-sow-editor-base\"\n\t\t\t\n\t\t>\n<div class=\"siteorigin-widget-tinymce textwidget\">\n\t<style>hr {border: 0 ; border-top: 4px double gold; width: 90%;}<\/style>\n<hr \/>\n<p><span style=\"font-size: 16pt; color: #000000;\"><img loading=\"lazy\" decoding=\"async\" class=\"aligncenter size-full wp-image-11281\" src=\"https:\/\/encuentro-tic.anuies.mx\/ctrl-content\/uploads\/2023\/09\/conferencia-LegislacionInteligenciaArtificial-12OCT-02-1-e1696949184535.png\" alt=\"\" width=\"2133\" height=\"903\" srcset=\"https:\/\/encuentro-tic.anuies.mx\/ctrl-content\/uploads\/sites\/9\/2023\/09\/conferencia-LegislacionInteligenciaArtificial-12OCT-02-1-e1696949184535.png 2133w, https:\/\/encuentro-tic.anuies.mx\/ctrl-content\/uploads\/sites\/9\/2023\/09\/conferencia-LegislacionInteligenciaArtificial-12OCT-02-1-e1696949184535-300x127.png 300w, https:\/\/encuentro-tic.anuies.mx\/ctrl-content\/uploads\/sites\/9\/2023\/09\/conferencia-LegislacionInteligenciaArtificial-12OCT-02-1-e1696949184535-1024x434.png 1024w, https:\/\/encuentro-tic.anuies.mx\/ctrl-content\/uploads\/sites\/9\/2023\/09\/conferencia-LegislacionInteligenciaArtificial-12OCT-02-1-e1696949184535-1536x650.png 1536w, https:\/\/encuentro-tic.anuies.mx\/ctrl-content\/uploads\/sites\/9\/2023\/09\/conferencia-LegislacionInteligenciaArtificial-12OCT-02-1-e1696949184535-2048x867.png 2048w, https:\/\/encuentro-tic.anuies.mx\/ctrl-content\/uploads\/sites\/9\/2023\/09\/conferencia-LegislacionInteligenciaArtificial-12OCT-02-1-e1696949184535-1920x813.png 1920w, https:\/\/encuentro-tic.anuies.mx\/ctrl-content\/uploads\/sites\/9\/2023\/09\/conferencia-LegislacionInteligenciaArtificial-12OCT-02-1-e1696949184535-768x325.png 768w\" sizes=\"auto, (max-width: 2133px) 100vw, 2133px\" \/><br \/>\n<img loading=\"lazy\" decoding=\"async\" class=\"aligncenter size-full wp-image-9309\" src=\"imagen.png\" alt=\"\" width=\"0\" height=\"0\"\/><\/span><\/p>\n<style>hr {border: 0 ; border-top: 4px double gold; width: 90%;}<\/style>\n<\/div>\n<\/div><\/div><div id=\"panel-9418-0-1-1\" class=\"so-panel widget widget_sow-editor\" data-index=\"1\" ><div\n\t\t\t\n\t\t\tclass=\"so-widget-sow-editor so-widget-sow-editor-base\"\n\t\t\t\n\t\t>\n<div class=\"siteorigin-widget-tinymce textwidget\">\n\t<style>hr {border: 0 ; border-top: 4px double gold; width: 90%;}<\/style>\n<hr \/>\n<p style=\"text-align: justify;\"><span style=\"font-size: 16pt; color: #000000;\">Nuestra invitada abordar\u00e1 cuestiones fundamentales sobre c\u00f3mo la \u00e9tica desempe\u00f1a un papel central en la formulaci\u00f3n de leyes y regulaciones en el contexto de la Inteligencia Artificial, y c\u00f3mo estas regulaciones pueden moldear el futuro de la tecnolog\u00eda y su impacto en la sociedad.<\/span><\/p>\n<style>hr {border: 0 ; border-top: 4px double gold; width: 90%;}<\/style>\n<hr \/>\n<\/div>\n<\/div><\/div><div id=\"panel-9418-0-1-2\" class=\"so-panel widget widget_sow-editor panel-last-child\" data-index=\"2\" ><div\n\t\t\t\n\t\t\tclass=\"so-widget-sow-editor so-widget-sow-editor-base\"\n\t\t\t\n\t\t><h3 class=\"widget-title\">Lic. Alejandra Lagunes Soto Ru\u00edz<\/h3>\n<div class=\"siteorigin-widget-tinymce textwidget\">\n\t<p style=\"text-align: justify;\"><span style=\"color: #000000;\"><strong><span style=\"font-size: 14pt;\"><span style=\"font-size: 16pt;\">Senadora de la Rep\u00fablica por el&nbsp;Partido Verde Ecologista de M\u00e9xico.<\/span><\/span><\/strong><\/span><\/p>\n<p>&nbsp;<\/p>\n<p style=\"text-align: justify;\"><span style=\"font-size: 14pt;\"><span style=\"font-size: 16pt; color: #000000;\"><img loading=\"lazy\" decoding=\"async\" class=\"size-full wp-image-9737 alignleft\" src=\"https:\/\/encuentro-tic.anuies.mx\/ctrl-content\/uploads\/2023\/09\/Ale-lagunes-circulo-ok.png\" alt=\"\" width=\"285\" height=\"285\"\/><\/span><\/span><\/p>\n<p style=\"text-align: justify;\"><span style=\"font-size: 14pt;\"><span style=\"font-size: 16pt; color: #000000;\">Es comunic\u00f3loga por el Instituto Tecnol\u00f3gico de Estudios Superiores de Monterrey (ITESM). Fue nombrada Coordinadora Nacional de Estrategia Digital en el 2012, en donde fue responsable de la creaci\u00f3n y difusi\u00f3n de la Estrategia Digital Nacional de la Presidencia de M\u00e9xico.<\/span><\/span><\/p>\n<p style=\"text-align: justify;\"><span style=\"font-size: 14pt;\"><span style=\"font-size: 16pt; color: #000000;\">Tiene m\u00e1s de 13 a\u00f1os de experiencia en empresas de tecnolog\u00eda como Yahoo, Microsoft, Google y Televisa. Es experta en comunicaci\u00f3n pol\u00edtica digital, desarroll\u00f3 e implement\u00f3 la campa\u00f1a digital para la gubernatura del Estado de M\u00e9xico en 2011, la campa\u00f1a presidencial de 2012 y la campa\u00f1a presidencial de 2018. Actualmente es Senadora de la Rep\u00fablica por el Partido Verde Ecologista de M\u00e9xico.<\/span><\/span><\/p>\n<p style=\"text-align: justify;\"><span style=\"font-size: 14pt;\"><span style=\"font-size: 16pt; color: #000000;\">En el Senado de la Rep\u00fablica es Secretaria de la Mesa Directiva y de la Comisi\u00f3n de Ciencia y Tecnolog\u00eda, tambi\u00e9n es integrante de la Comisi\u00f3n de Medio Ambiente, de Salud, Defensa de los Consumidores, Relaciones Exteriores Am\u00e9rica del Norte y Organismos Internacionales, adem\u00e1s forma parte del Grupo de Trabajo para el fortalecimiento del Parlamento Abierto en el Senado de la Rep\u00fablica. Tambi\u00e9n, es Miembro del Consejo Asesor de la Alianza Nacional de Inteligencia Artificial ANIA, cuyo objetivo es trabajar de forma multidisciplinaria y transversal para aprovechar las oportunidades, mitigar los riesgos y garantizar que la Inteligencia Artificial se desarrolle y despliegue de forma \u00e9tica y responsable.<\/span><\/span><\/p>\n<p style=\"text-align: justify;\"><span style=\"font-size: 14pt;\"><span style=\"font-size: 16pt; color: #000000;\">El mundo de la Ciencia y la Tecnolog\u00eda siempre ha formado parte de su entorno profesional, es integrante de Conectadas, una red de mujeres l\u00edderes vinculadas profesionalmente con el ecosistema digital y que busca una mayor presencia femenina en la industria, as\u00ed como romper paradigmas para disminuir la brecha de g\u00e9nero existente en M\u00e9xico.<\/span><\/span><\/p>\n<p style=\"text-align: justify;\"><span style=\"font-size: 14pt;\"><span style=\"font-size: 16pt; color: #000000;\">Le inspira formar parte y liderar grandes proyectos transformadores que aporten valor a su pa\u00eds. Hoy lidera el desarrollo de pol\u00edticas p\u00fablicas de sostenibilidad, derechos humanos, innovaci\u00f3n e inclusi\u00f3n digital, as\u00ed como el uso medicinal de psicod\u00e9licos naturales.<\/span><\/span><\/p>\n<p>&nbsp;<\/p>\n<\/div>\n<\/div><\/div><\/div><div id=\"pgc-9418-0-2\"  class=\"panel-grid-cell panel-grid-cell-mobile-last\" ><div id=\"panel-9418-0-2-0\" class=\"so-panel widget widget_sow-editor panel-first-child\" data-index=\"3\" ><div\n\t\t\t\n\t\t\tclass=\"so-widget-sow-editor so-widget-sow-editor-base\"\n\t\t\t\n\t\t>\n<div class=\"siteorigin-widget-tinymce textwidget\">\n\t<ul style=\"list-style-type: square;\">\n<li><strong>D\u00eda:<\/strong> Jueves 12 de octubre<\/li>\n<li><strong>Hora:<\/strong> 11:30 \u2013 12:20 h (CDMX)<\/li>\n<li><strong>Lugar: Centro Cultural Universitario Bicentenario, Universidad Aut\u00f3noma de San Luis Potos\u00ed<\/strong><\/li>\n<\/ul>\n<hr \/>\n<\/div>\n<\/div><\/div><div id=\"panel-9418-0-2-1\" class=\"so-panel widget widget_sow-editor panel-last-child\" data-index=\"4\" ><div\n\t\t\t\n\t\t\tclass=\"so-widget-sow-editor so-widget-sow-editor-base\"\n\t\t\t\n\t\t>\n<div class=\"siteorigin-widget-tinymce textwidget\">\n\t<p style=\"text-align: center;\"><a class=\"fasc-button fasc-size-large fasc-type-glossy fasc-rounded-medium fasc-ico-before dashicons-welcome-widgets-menus fasc-style-bold\" style=\"background-color: #194475; color: #ffffff;\" href=\"https:\/\/encuentro-tic.anuies.mx\/programa2023\/\">Programa<\/a><\/p>\n<p>&nbsp;<\/p>\n<p style=\"text-align: center;\"><a class=\"fasc-button fasc-size-large fasc-type-glossy fasc-rounded-medium fasc-ico-before dashicons-admin-site\" style=\"background-color: #691931; color: #ffffff;\" href=\"https:\/\/encuentro-tic.anuies.mx\/registro-encuentro\/\">Registro<\/a><\/p>\n<\/div>\n<\/div><\/div><\/div><div id=\"pgc-9418-0-3\"  class=\"panel-grid-cell panel-grid-cell-empty\" ><\/div><\/div><\/div>","protected":false},"excerpt":{"rendered":"<div class=\"pvc_clear\"><\/div>\n<p id=\"pvc_stats_9418\" class=\"pvc_stats all  \" data-element-id=\"9418\" style=\"\"><i class=\"pvc-stats-icon large\" aria-hidden=\"true\"><svg aria-hidden=\"true\" focusable=\"false\" data-prefix=\"far\" data-icon=\"chart-bar\" role=\"img\" xmlns=\"http:\/\/www.w3.org\/2000\/svg\" viewBox=\"0 0 512 512\" class=\"svg-inline--fa fa-chart-bar fa-w-16 fa-2x\"><path fill=\"currentColor\" d=\"M396.8 352h22.4c6.4 0 12.8-6.4 12.8-12.8V108.8c0-6.4-6.4-12.8-12.8-12.8h-22.4c-6.4 0-12.8 6.4-12.8 12.8v230.4c0 6.4 6.4 12.8 12.8 12.8zm-192 0h22.4c6.4 0 12.8-6.4 12.8-12.8V140.8c0-6.4-6.4-12.8-12.8-12.8h-22.4c-6.4 0-12.8 6.4-12.8 12.8v198.4c0 6.4 6.4 12.8 12.8 12.8zm96 0h22.4c6.4 0 12.8-6.4 12.8-12.8V204.8c0-6.4-6.4-12.8-12.8-12.8h-22.4c-6.4 0-12.8 6.4-12.8 12.8v134.4c0 6.4 6.4 12.8 12.8 12.8zM496 400H48V80c0-8.84-7.16-16-16-16H16C7.16 64 0 71.16 0 80v336c0 17.67 14.33 32 32 32h464c8.84 0 16-7.16 16-16v-16c0-8.84-7.16-16-16-16zm-387.2-48h22.4c6.4 0 12.8-6.4 12.8-12.8v-70.4c0-6.4-6.4-12.8-12.8-12.8h-22.4c-6.4 0-12.8 6.4-12.8 12.8v70.4c0 6.4 6.4 12.8 12.8 12.8z\" class=\"\"><\/path><\/svg><\/i> <img loading=\"lazy\" decoding=\"async\" width=\"16\" height=\"16\" alt=\"Loading\" src=\"https:\/\/encuentro-tic.anuies.mx\/ctrl-content\/plugins\/page-views-count\/ajax-loader-2x.gif\" border=0 \/><\/p>\n<div class=\"pvc_clear\"><\/div>\n<p>Nuestra invitada abordar\u00e1 cuestiones fundamentales sobre c\u00f3mo la \u00e9tica desempe\u00f1a un papel central en la formulaci\u00f3n de leyes y regulaciones en el contexto de la Inteligencia Artificial, y c\u00f3mo estas regulaciones pueden moldear el futuro de la tecnolog\u00eda y su impacto en la sociedad. Senadora de la Rep\u00fablica por el&nbsp;Partido Verde Ecologista de M\u00e9xico. &nbsp;&hellip; <br \/> <a class=\"button small blue\" href=\"https:\/\/encuentro-tic.anuies.mx\/2023\/la-inteligencia-artificial-etica-en-el-centro-de-la-legislacion-futura\/\">Leer m\u00e1s<\/a><\/p>\n","protected":false},"author":1,"featured_media":9764,"comment_status":"closed","ping_status":"closed","sticky":false,"template":"rttpg_full_width","format":"standard","meta":{"_exactmetrics_skip_tracking":false,"_exactmetrics_sitenote_active":false,"_exactmetrics_sitenote_note":"","_exactmetrics_sitenote_category":0,"ngg_post_thumbnail":0,"footnotes":""},"categories":[1],"tags":[],"class_list":["post-9418","post","type-post","status-publish","format-standard","has-post-thumbnail","hentry","category-conferencias"],"rttpg_featured_image_url":{"full":["https:\/\/encuentro-tic.anuies.mx\/ctrl-content\/uploads\/sites\/9\/2023\/09\/conferencia-LegislacionInteligenciaArtificial-12OCT_Mesa-de-trabajo-1-e1695059682681.png",1667,1494,false],"landscape":["https:\/\/encuentro-tic.anuies.mx\/ctrl-content\/uploads\/sites\/9\/2023\/09\/conferencia-LegislacionInteligenciaArtificial-12OCT_Mesa-de-trabajo-1-e1695059682681.png",1667,1494,false],"portraits":["https:\/\/encuentro-tic.anuies.mx\/ctrl-content\/uploads\/sites\/9\/2023\/09\/conferencia-LegislacionInteligenciaArtificial-12OCT_Mesa-de-trabajo-1-e1695059682681.png",1667,1494,false],"thumbnail":["https:\/\/encuentro-tic.anuies.mx\/ctrl-content\/uploads\/sites\/9\/2023\/09\/conferencia-LegislacionInteligenciaArtificial-12OCT_Mesa-de-trabajo-1-e1695059682681-150x150.png",150,150,true],"medium":["https:\/\/encuentro-tic.anuies.mx\/ctrl-content\/uploads\/sites\/9\/2023\/09\/conferencia-LegislacionInteligenciaArtificial-12OCT_Mesa-de-trabajo-1-e1695059682681-300x269.png",300,269,true],"large":["https:\/\/encuentro-tic.anuies.mx\/ctrl-content\/uploads\/sites\/9\/2023\/09\/conferencia-LegislacionInteligenciaArtificial-12OCT_Mesa-de-trabajo-1-e1695059682681-1024x918.png",1024,918,true],"post-slider-thumb-size":["https:\/\/encuentro-tic.anuies.mx\/ctrl-content\/uploads\/sites\/9\/2023\/09\/conferencia-LegislacionInteligenciaArtificial-12OCT_Mesa-de-trabajo-1-e1695059682681-330x190.png",330,190,true],"1536x1536":["https:\/\/encuentro-tic.anuies.mx\/ctrl-content\/uploads\/sites\/9\/2023\/09\/conferencia-LegislacionInteligenciaArtificial-12OCT_Mesa-de-trabajo-1-e1695059682681-1536x1377.png",1536,1377,true],"2048x2048":["https:\/\/encuentro-tic.anuies.mx\/ctrl-content\/uploads\/sites\/9\/2023\/09\/conferencia-LegislacionInteligenciaArtificial-12OCT_Mesa-de-trabajo-1-e1695059682681.png",1667,1494,false],"post-thumbnail":["https:\/\/encuentro-tic.anuies.mx\/ctrl-content\/uploads\/sites\/9\/2023\/09\/conferencia-LegislacionInteligenciaArtificial-12OCT_Mesa-de-trabajo-1-e1695059682681-1024x918.png",1024,918,true],"one-page-express-full-hd":["https:\/\/encuentro-tic.anuies.mx\/ctrl-content\/uploads\/sites\/9\/2023\/09\/conferencia-LegislacionInteligenciaArtificial-12OCT_Mesa-de-trabajo-1-e1695059682681-1205x1080.png",1205,1080,true],"sow-carousel-default":["https:\/\/encuentro-tic.anuies.mx\/ctrl-content\/uploads\/sites\/9\/2023\/09\/conferencia-LegislacionInteligenciaArtificial-12OCT_Mesa-de-trabajo-1-e1695059682681-272x182.png",272,182,true]},"rttpg_author":{"display_name":"ctrlweb","author_link":"https:\/\/encuentro-tic.anuies.mx\/2023\/author\/ctrlweb\/"},"rttpg_comment":0,"rttpg_category":"<a href=\"https:\/\/encuentro-tic.anuies.mx\/2023\/category\/conferencias\/\" rel=\"category tag\">Conferencias<\/a>","rttpg_excerpt":"Nuestra invitada abordar\u00e1 cuestiones fundamentales sobre c\u00f3mo la \u00e9tica desempe\u00f1a un papel central en la formulaci\u00f3n de leyes y regulaciones en el contexto de la Inteligencia Artificial, y c\u00f3mo estas regulaciones pueden moldear el futuro de la tecnolog\u00eda y su impacto en la sociedad. Senadora de la Rep\u00fablica por el&nbsp;Partido Verde Ecologista de M\u00e9xico. &nbsp;&hellip;&hellip;","_links":{"self":[{"href":"https:\/\/encuentro-tic.anuies.mx\/2023\/wp-json\/wp\/v2\/posts\/9418","targetHints":{"allow":["GET"]}}],"collection":[{"href":"https:\/\/encuentro-tic.anuies.mx\/2023\/wp-json\/wp\/v2\/posts"}],"about":[{"href":"https:\/\/encuentro-tic.anuies.mx\/2023\/wp-json\/wp\/v2\/types\/post"}],"author":[{"embeddable":true,"href":"https:\/\/encuentro-tic.anuies.mx\/2023\/wp-json\/wp\/v2\/users\/1"}],"replies":[{"embeddable":true,"href":"https:\/\/encuentro-tic.anuies.mx\/2023\/wp-json\/wp\/v2\/comments?post=9418"}],"version-history":[{"count":18,"href":"https:\/\/encuentro-tic.anuies.mx\/2023\/wp-json\/wp\/v2\/posts\/9418\/revisions"}],"predecessor-version":[{"id":11282,"href":"https:\/\/encuentro-tic.anuies.mx\/2023\/wp-json\/wp\/v2\/posts\/9418\/revisions\/11282"}],"wp:featuredmedia":[{"embeddable":true,"href":"https:\/\/encuentro-tic.anuies.mx\/2023\/wp-json\/wp\/v2\/media\/9764"}],"wp:attachment":[{"href":"https:\/\/encuentro-tic.anuies.mx\/2023\/wp-json\/wp\/v2\/media?parent=9418"}],"wp:term":[{"taxonomy":"category","embeddable":true,"href":"https:\/\/encuentro-tic.anuies.mx\/2023\/wp-json\/wp\/v2\/categories?post=9418"},{"taxonomy":"post_tag","embeddable":true,"href":"https:\/\/encuentro-tic.anuies.mx\/2023\/wp-json\/wp\/v2\/tags?post=9418"}],"curies":[{"name":"wp","href":"https:\/\/api.w.org\/{rel}","templated":true}]}}