{"id":9397,"date":"2023-09-11T10:40:53","date_gmt":"2023-09-11T16:40:53","guid":{"rendered":"https:\/\/encuentro-tic.anuies.mx\/2023\/?p=9397"},"modified":"2023-09-18T12:08:23","modified_gmt":"2023-09-18T18:08:23","slug":"la-metamorfosis-un-gran-desafio-para-las-organizaciones-educativas-del-siglo-xxi","status":"publish","type":"post","link":"https:\/\/encuentro-tic.anuies.mx\/2023\/la-metamorfosis-un-gran-desafio-para-las-organizaciones-educativas-del-siglo-xxi\/","title":{"rendered":"La metamorfosis un gran desaf\u00edo para las organizaciones educativas del siglo XXI"},"content":{"rendered":"<div id=\"pl-9397\"  class=\"panel-layout\" ><div id=\"pg-9397-0\"  class=\"panel-grid panel-no-style\" ><div id=\"pgc-9397-0-0\"  class=\"panel-grid-cell panel-grid-cell-empty\" ><\/div><div id=\"pgc-9397-0-1\"  class=\"panel-grid-cell\" ><div id=\"panel-9397-0-1-0\" class=\"so-panel widget widget_sow-editor panel-first-child\" data-index=\"0\" ><div\n\t\t\t\n\t\t\tclass=\"so-widget-sow-editor so-widget-sow-editor-base\"\n\t\t\t\n\t\t>\n<div class=\"siteorigin-widget-tinymce textwidget\">\n\t<style>hr {border: 0 ; border-top: 4px double gold; width: 90%;}<\/style>\n<hr \/>\n<p style=\"text-align: justify;\"><span style=\"font-size: 16pt; color: #000000;\"><img loading=\"lazy\" decoding=\"async\" class=\"aligncenter size-full wp-image-9766\" src=\"https:\/\/encuentro-tic.anuies.mx\/ctrl-content\/uploads\/2023\/09\/conferencia-metamorfosis-innovacion-SIT-02-e1695060486433.png\" alt=\"\" width=\"2133\" height=\"885\" srcset=\"https:\/\/encuentro-tic.anuies.mx\/ctrl-content\/uploads\/sites\/9\/2023\/09\/conferencia-metamorfosis-innovacion-SIT-02-e1695060486433.png 2133w, https:\/\/encuentro-tic.anuies.mx\/ctrl-content\/uploads\/sites\/9\/2023\/09\/conferencia-metamorfosis-innovacion-SIT-02-e1695060486433-300x124.png 300w, https:\/\/encuentro-tic.anuies.mx\/ctrl-content\/uploads\/sites\/9\/2023\/09\/conferencia-metamorfosis-innovacion-SIT-02-e1695060486433-1024x425.png 1024w, https:\/\/encuentro-tic.anuies.mx\/ctrl-content\/uploads\/sites\/9\/2023\/09\/conferencia-metamorfosis-innovacion-SIT-02-e1695060486433-1536x637.png 1536w, https:\/\/encuentro-tic.anuies.mx\/ctrl-content\/uploads\/sites\/9\/2023\/09\/conferencia-metamorfosis-innovacion-SIT-02-e1695060486433-2048x850.png 2048w, https:\/\/encuentro-tic.anuies.mx\/ctrl-content\/uploads\/sites\/9\/2023\/09\/conferencia-metamorfosis-innovacion-SIT-02-e1695060486433-1920x797.png 1920w, https:\/\/encuentro-tic.anuies.mx\/ctrl-content\/uploads\/sites\/9\/2023\/09\/conferencia-metamorfosis-innovacion-SIT-02-e1695060486433-768x319.png 768w\" sizes=\"auto, (max-width: 2133px) 100vw, 2133px\" \/><img loading=\"lazy\" decoding=\"async\" class=\"aligncenter size-full wp-image-9309\" src=\"imagen.png\" alt=\"\" width=\"0\" height=\"0\"\/><\/span><\/p>\n<style>hr {border: 0 ; border-top: 4px double gold; width: 90%;}<\/style>\n<\/div>\n<\/div><\/div><div id=\"panel-9397-0-1-1\" class=\"so-panel widget widget_sow-editor\" data-index=\"1\" ><div\n\t\t\t\n\t\t\tclass=\"so-widget-sow-editor so-widget-sow-editor-base\"\n\t\t\t\n\t\t>\n<div class=\"siteorigin-widget-tinymce textwidget\">\n\t<p>&nbsp;<\/p>\n<style>hr {border: 0 ; border-top: 4px double gold; width: 90%;}<\/style>\n<hr \/>\n<p style=\"text-align: justify;\"><span style=\"font-size: 16pt; color: #000000;\">Compartiremos los avances que el Instituto&nbsp; para la Transformaci\u00f3n Digital de las Organizaciones Educativas A.C., ha estado realizando para comprender los&nbsp;&nbsp;procesos de mundializaci\u00f3n, globalizaci\u00f3n, crisis, los avances de la ciencias del aprendizaje, digitalizaci\u00f3n y&nbsp; el despliegue de tecnolog\u00edas inteligentes que han dado pauta a escenarios complejos que sit\u00faan a las organizaciones educativas a una resignificaci\u00f3n profunda de sus misiones y de sus procesos&nbsp; reflexivos y operativos, lo que las&nbsp; lleva a realizar&nbsp; un profundo debate&nbsp; sobre las problem\u00e1ticas que actualmente enfrentan atendiendo los retos que plantean los escenarios actuales.<\/span><\/p>\n<style>hr {border: 0 ; border-top: 4px double gold; width: 90%;}<\/style>\n<hr \/>\n<\/div>\n<\/div><\/div><div id=\"panel-9397-0-1-2\" class=\"so-panel widget widget_sow-editor panel-last-child\" data-index=\"2\" ><div\n\t\t\t\n\t\t\tclass=\"so-widget-sow-editor so-widget-sow-editor-base\"\n\t\t\t\n\t\t><h3 class=\"widget-title\">Dra. Lourdes Galeana de la O<\/h3>\n<div class=\"siteorigin-widget-tinymce textwidget\">\n\t<p style=\"text-align: justify;\"><span style=\"font-size: 16pt; color: #000000;\"><strong>Directora General del Instituto para la Transformaci\u00f3n Digital de las Organizaciones Educativas A.C.<\/strong><\/span><\/p>\n<p style=\"text-align: justify;\"><span style=\"font-size: 16pt; color: #000000;\"><img loading=\"lazy\" decoding=\"async\" class=\"wp-image-9408 size-full alignleft\" src=\"https:\/\/encuentro-tic.anuies.mx\/ctrl-content\/uploads\/2023\/09\/lourdes-galeana-23.png\" alt=\"\" width=\"285\" height=\"285\" srcset=\"https:\/\/encuentro-tic.anuies.mx\/ctrl-content\/uploads\/sites\/9\/2023\/09\/lourdes-galeana-23.png 2015w, https:\/\/encuentro-tic.anuies.mx\/ctrl-content\/uploads\/sites\/9\/2023\/09\/lourdes-galeana-23-300x300.png 300w, https:\/\/encuentro-tic.anuies.mx\/ctrl-content\/uploads\/sites\/9\/2023\/09\/lourdes-galeana-23-1024x1024.png 1024w, https:\/\/encuentro-tic.anuies.mx\/ctrl-content\/uploads\/sites\/9\/2023\/09\/lourdes-galeana-23-150x150.png 150w, https:\/\/encuentro-tic.anuies.mx\/ctrl-content\/uploads\/sites\/9\/2023\/09\/lourdes-galeana-23-1536x1536.png 1536w, https:\/\/encuentro-tic.anuies.mx\/ctrl-content\/uploads\/sites\/9\/2023\/09\/lourdes-galeana-23-1080x1080.png 1080w\" sizes=\"auto, (max-width: 285px) 100vw, 285px\" \/><\/span><\/p>\n<p>&nbsp;<\/p>\n<p style=\"text-align: justify;\"><span style=\"font-size: 16pt;\">La Dra. Galeana es:<\/span><\/p>\n<ul>\n<li style=\"text-align: justify;\"><span style=\"font-size: 16pt;\">M\u00e9dica Cirujana de profesi\u00f3n base, con la maestr\u00eda en Ciencias en el \u00e1rea de Morfolog\u00eda Humana con especialidades en Histolog\u00eda, Anatom\u00eda y Neuroanatom\u00eda Humana, por el Instituto Polit\u00e9cnico Nacional (1988).<\/span><\/li>\n<li style=\"text-align: justify;\"><span style=\"font-size: 16pt;\">Es Certificada en educaci\u00f3n m\u00e9dica por la Universidad de Dundee, Escocia.<\/span><\/li>\n<li style=\"text-align: justify;\"><span style=\"font-size: 16pt;\">Experta en el an\u00e1lisis, planeaci\u00f3n, dise\u00f1o, desarrollo de soluciones y escenarios educativos basados en tecnolog\u00eda.<\/span><\/li>\n<li style=\"text-align: justify;\"><span style=\"font-size: 16pt;\">Experta en Neurociencias por la Fundaci\u00f3n General de la Universidad de Salamanca y experta en Ciencias y Neurociencias Aplicadas al Desarrollo Humano por la asociaci\u00f3n EDUCAR-NEUROEDUCACI\u00d3N (Argentina).<\/span><\/li>\n<li style=\"text-align: justify;\"><span style=\"font-size: 16pt;\">Experta por la UNESCO para la ense\u00f1anza de Adultos.<\/span><\/li>\n<li style=\"text-align: justify;\"><span style=\"font-size: 16pt;\">Experta en Tecnolog\u00eda en la Asociaci\u00f3n Educar Educativa por la Universidad de M\u00e1laga.<\/span><\/li>\n<li style=\"text-align: justify;\"><span style=\"font-size: 16pt;\">Integrante del grupo de \u201cLos 100 mejores CIO\u2019s de M\u00e9xico 2017\u201d en el \u00e1rea de Gobierno TIC.<\/span><\/li>\n<\/ul>\n<p>&nbsp;<\/p>\n<\/div>\n<\/div><\/div><\/div><div id=\"pgc-9397-0-2\"  class=\"panel-grid-cell panel-grid-cell-mobile-last\" ><div id=\"panel-9397-0-2-0\" class=\"so-panel widget widget_sow-editor panel-first-child\" data-index=\"3\" ><div\n\t\t\t\n\t\t\tclass=\"so-widget-sow-editor so-widget-sow-editor-base\"\n\t\t\t\n\t\t>\n<div class=\"siteorigin-widget-tinymce textwidget\">\n\t<ul style=\"list-style-type: square;\">\n<li><strong>D\u00eda:<\/strong> lunes 09 de octubre<\/li>\n<li><strong>Hora:<\/strong> 14:00 \u2013 14:50 h (CDMX)<\/li>\n<li><strong>Lugar: Plataforma virtual del Encuentro ANUIES-TIC UASLP 2023<\/strong><\/li>\n<\/ul>\n<hr \/>\n<\/div>\n<\/div><\/div><div id=\"panel-9397-0-2-1\" class=\"so-panel widget widget_sow-editor panel-last-child\" data-index=\"4\" ><div\n\t\t\t\n\t\t\tclass=\"so-widget-sow-editor so-widget-sow-editor-base\"\n\t\t\t\n\t\t>\n<div class=\"siteorigin-widget-tinymce textwidget\">\n\t<p style=\"text-align: center;\"><a class=\"fasc-button fasc-size-large fasc-type-glossy fasc-rounded-medium fasc-ico-before dashicons-welcome-widgets-menus fasc-style-bold\" style=\"background-color: #194475; color: #ffffff;\" href=\"https:\/\/encuentro-tic.anuies.mx\/programa2023\/\">Programa<\/a><\/p>\n<p>&nbsp;<\/p>\n<p style=\"text-align: center;\"><a class=\"fasc-button fasc-size-large fasc-type-glossy fasc-rounded-medium fasc-ico-before dashicons-admin-site\" style=\"background-color: #691931; color: #ffffff;\" href=\"https:\/\/encuentro-tic.anuies.mx\/registro-encuentro\/\">Registro<\/a><\/p>\n<\/div>\n<\/div><\/div><\/div><div id=\"pgc-9397-0-3\"  class=\"panel-grid-cell panel-grid-cell-empty\" ><\/div><\/div><\/div>","protected":false},"excerpt":{"rendered":"<div class=\"pvc_clear\"><\/div>\n<p id=\"pvc_stats_9397\" class=\"pvc_stats all  \" data-element-id=\"9397\" style=\"\"><i class=\"pvc-stats-icon large\" aria-hidden=\"true\"><svg aria-hidden=\"true\" focusable=\"false\" data-prefix=\"far\" data-icon=\"chart-bar\" role=\"img\" xmlns=\"http:\/\/www.w3.org\/2000\/svg\" viewBox=\"0 0 512 512\" class=\"svg-inline--fa fa-chart-bar fa-w-16 fa-2x\"><path fill=\"currentColor\" d=\"M396.8 352h22.4c6.4 0 12.8-6.4 12.8-12.8V108.8c0-6.4-6.4-12.8-12.8-12.8h-22.4c-6.4 0-12.8 6.4-12.8 12.8v230.4c0 6.4 6.4 12.8 12.8 12.8zm-192 0h22.4c6.4 0 12.8-6.4 12.8-12.8V140.8c0-6.4-6.4-12.8-12.8-12.8h-22.4c-6.4 0-12.8 6.4-12.8 12.8v198.4c0 6.4 6.4 12.8 12.8 12.8zm96 0h22.4c6.4 0 12.8-6.4 12.8-12.8V204.8c0-6.4-6.4-12.8-12.8-12.8h-22.4c-6.4 0-12.8 6.4-12.8 12.8v134.4c0 6.4 6.4 12.8 12.8 12.8zM496 400H48V80c0-8.84-7.16-16-16-16H16C7.16 64 0 71.16 0 80v336c0 17.67 14.33 32 32 32h464c8.84 0 16-7.16 16-16v-16c0-8.84-7.16-16-16-16zm-387.2-48h22.4c6.4 0 12.8-6.4 12.8-12.8v-70.4c0-6.4-6.4-12.8-12.8-12.8h-22.4c-6.4 0-12.8 6.4-12.8 12.8v70.4c0 6.4 6.4 12.8 12.8 12.8z\" class=\"\"><\/path><\/svg><\/i> <img loading=\"lazy\" decoding=\"async\" width=\"16\" height=\"16\" alt=\"Loading\" src=\"https:\/\/encuentro-tic.anuies.mx\/ctrl-content\/plugins\/page-views-count\/ajax-loader-2x.gif\" border=0 \/><\/p>\n<div class=\"pvc_clear\"><\/div>\n<p>&nbsp; Compartiremos los avances que el Instituto&nbsp; para la Transformaci\u00f3n Digital de las Organizaciones Educativas A.C., ha estado realizando para comprender los&nbsp;&nbsp;procesos de mundializaci\u00f3n, globalizaci\u00f3n, crisis, los avances de la ciencias del aprendizaje, digitalizaci\u00f3n y&nbsp; el despliegue de tecnolog\u00edas inteligentes que han dado pauta a escenarios complejos que sit\u00faan a las organizaciones educativas a una&hellip; <br \/> <a class=\"button small blue\" href=\"https:\/\/encuentro-tic.anuies.mx\/2023\/la-metamorfosis-un-gran-desafio-para-las-organizaciones-educativas-del-siglo-xxi\/\">Leer m\u00e1s<\/a><\/p>\n","protected":false},"author":1,"featured_media":9765,"comment_status":"closed","ping_status":"closed","sticky":false,"template":"rttpg_full_width","format":"standard","meta":{"_exactmetrics_skip_tracking":false,"_exactmetrics_sitenote_active":false,"_exactmetrics_sitenote_note":"","_exactmetrics_sitenote_category":0,"ngg_post_thumbnail":0,"footnotes":""},"categories":[1],"tags":[],"class_list":["post-9397","post","type-post","status-publish","format-standard","has-post-thumbnail","hentry","category-conferencias"],"rttpg_featured_image_url":{"full":["https:\/\/encuentro-tic.anuies.mx\/ctrl-content\/uploads\/sites\/9\/2023\/09\/conferencia-metamorfosis-innovacion-SIT_Mesa-de-trabajo-1-e1695059946887.png",1667,1503,false],"landscape":["https:\/\/encuentro-tic.anuies.mx\/ctrl-content\/uploads\/sites\/9\/2023\/09\/conferencia-metamorfosis-innovacion-SIT_Mesa-de-trabajo-1-e1695059946887.png",1667,1503,false],"portraits":["https:\/\/encuentro-tic.anuies.mx\/ctrl-content\/uploads\/sites\/9\/2023\/09\/conferencia-metamorfosis-innovacion-SIT_Mesa-de-trabajo-1-e1695059946887.png",1667,1503,false],"thumbnail":["https:\/\/encuentro-tic.anuies.mx\/ctrl-content\/uploads\/sites\/9\/2023\/09\/conferencia-metamorfosis-innovacion-SIT_Mesa-de-trabajo-1-e1695059946887-150x150.png",150,150,true],"medium":["https:\/\/encuentro-tic.anuies.mx\/ctrl-content\/uploads\/sites\/9\/2023\/09\/conferencia-metamorfosis-innovacion-SIT_Mesa-de-trabajo-1-e1695059946887-300x270.png",300,270,true],"large":["https:\/\/encuentro-tic.anuies.mx\/ctrl-content\/uploads\/sites\/9\/2023\/09\/conferencia-metamorfosis-innovacion-SIT_Mesa-de-trabajo-1-e1695059946887-1024x923.png",1024,923,true],"post-slider-thumb-size":["https:\/\/encuentro-tic.anuies.mx\/ctrl-content\/uploads\/sites\/9\/2023\/09\/conferencia-metamorfosis-innovacion-SIT_Mesa-de-trabajo-1-e1695059946887-330x190.png",330,190,true],"1536x1536":["https:\/\/encuentro-tic.anuies.mx\/ctrl-content\/uploads\/sites\/9\/2023\/09\/conferencia-metamorfosis-innovacion-SIT_Mesa-de-trabajo-1-e1695059946887-1536x1385.png",1536,1385,true],"2048x2048":["https:\/\/encuentro-tic.anuies.mx\/ctrl-content\/uploads\/sites\/9\/2023\/09\/conferencia-metamorfosis-innovacion-SIT_Mesa-de-trabajo-1-e1695059946887.png",1667,1503,false],"post-thumbnail":["https:\/\/encuentro-tic.anuies.mx\/ctrl-content\/uploads\/sites\/9\/2023\/09\/conferencia-metamorfosis-innovacion-SIT_Mesa-de-trabajo-1-e1695059946887-1024x923.png",1024,923,true],"one-page-express-full-hd":["https:\/\/encuentro-tic.anuies.mx\/ctrl-content\/uploads\/sites\/9\/2023\/09\/conferencia-metamorfosis-innovacion-SIT_Mesa-de-trabajo-1-e1695059946887-1198x1080.png",1198,1080,true],"sow-carousel-default":["https:\/\/encuentro-tic.anuies.mx\/ctrl-content\/uploads\/sites\/9\/2023\/09\/conferencia-metamorfosis-innovacion-SIT_Mesa-de-trabajo-1-e1695059946887-272x182.png",272,182,true]},"rttpg_author":{"display_name":"ctrlweb","author_link":"https:\/\/encuentro-tic.anuies.mx\/2023\/author\/ctrlweb\/"},"rttpg_comment":0,"rttpg_category":"<a href=\"https:\/\/encuentro-tic.anuies.mx\/2023\/category\/conferencias\/\" rel=\"category tag\">Conferencias<\/a>","rttpg_excerpt":"&nbsp; Compartiremos los avances que el Instituto&nbsp; para la Transformaci\u00f3n Digital de las Organizaciones Educativas A.C., ha estado realizando para comprender los&nbsp;&nbsp;procesos de mundializaci\u00f3n, globalizaci\u00f3n, crisis, los avances de la ciencias del aprendizaje, digitalizaci\u00f3n y&nbsp; el despliegue de tecnolog\u00edas inteligentes que han dado pauta a escenarios complejos que sit\u00faan a las organizaciones educativas a una&hellip;&hellip;","_links":{"self":[{"href":"https:\/\/encuentro-tic.anuies.mx\/2023\/wp-json\/wp\/v2\/posts\/9397","targetHints":{"allow":["GET"]}}],"collection":[{"href":"https:\/\/encuentro-tic.anuies.mx\/2023\/wp-json\/wp\/v2\/posts"}],"about":[{"href":"https:\/\/encuentro-tic.anuies.mx\/2023\/wp-json\/wp\/v2\/types\/post"}],"author":[{"embeddable":true,"href":"https:\/\/encuentro-tic.anuies.mx\/2023\/wp-json\/wp\/v2\/users\/1"}],"replies":[{"embeddable":true,"href":"https:\/\/encuentro-tic.anuies.mx\/2023\/wp-json\/wp\/v2\/comments?post=9397"}],"version-history":[{"count":4,"href":"https:\/\/encuentro-tic.anuies.mx\/2023\/wp-json\/wp\/v2\/posts\/9397\/revisions"}],"predecessor-version":[{"id":9767,"href":"https:\/\/encuentro-tic.anuies.mx\/2023\/wp-json\/wp\/v2\/posts\/9397\/revisions\/9767"}],"wp:featuredmedia":[{"embeddable":true,"href":"https:\/\/encuentro-tic.anuies.mx\/2023\/wp-json\/wp\/v2\/media\/9765"}],"wp:attachment":[{"href":"https:\/\/encuentro-tic.anuies.mx\/2023\/wp-json\/wp\/v2\/media?parent=9397"}],"wp:term":[{"taxonomy":"category","embeddable":true,"href":"https:\/\/encuentro-tic.anuies.mx\/2023\/wp-json\/wp\/v2\/categories?post=9397"},{"taxonomy":"post_tag","embeddable":true,"href":"https:\/\/encuentro-tic.anuies.mx\/2023\/wp-json\/wp\/v2\/tags?post=9397"}],"curies":[{"name":"wp","href":"https:\/\/api.w.org\/{rel}","templated":true}]}}