{"id":8901,"date":"2023-08-21T09:39:59","date_gmt":"2023-08-21T15:39:59","guid":{"rendered":"https:\/\/encuentro-tic.anuies.mx\/2023\/?p=8901"},"modified":"2023-09-18T11:43:32","modified_gmt":"2023-09-18T17:43:32","slug":"las-mujeres-ante-los-desafios-de-la-educacion-superior-frente-a-la-irrupcion-tecnologica","status":"publish","type":"post","link":"https:\/\/encuentro-tic.anuies.mx\/2023\/las-mujeres-ante-los-desafios-de-la-educacion-superior-frente-a-la-irrupcion-tecnologica\/","title":{"rendered":"Las mujeres ante los desaf\u00edos de la Educaci\u00f3n Superior frente a la irrupci\u00f3n tecnol\u00f3gica"},"content":{"rendered":"<div id=\"pl-8901\"  class=\"panel-layout\" ><div id=\"pg-8901-0\"  class=\"panel-grid panel-no-style\" ><div id=\"pgc-8901-0-0\"  class=\"panel-grid-cell panel-grid-cell-empty\" ><\/div><div id=\"pgc-8901-0-1\"  class=\"panel-grid-cell\" ><div id=\"panel-8901-0-1-0\" class=\"so-panel widget widget_sow-editor panel-first-child\" data-index=\"0\" ><div\n\t\t\t\n\t\t\tclass=\"so-widget-sow-editor so-widget-sow-editor-base\"\n\t\t\t\n\t\t>\n<div class=\"siteorigin-widget-tinymce textwidget\">\n\t<style>hr {border: 0 ; border-top: 4px double gold; width: 90%;}<\/style>\n<hr \/>\n<p><img loading=\"lazy\" decoding=\"async\" class=\"aligncenter size-full wp-image-9693\" src=\"https:\/\/encuentro-tic.anuies.mx\/ctrl-content\/uploads\/2023\/08\/Panel-Mujeres-12OCT-02-1-e1694623216425.png\" alt=\"\" width=\"2133\" height=\"899\" srcset=\"https:\/\/encuentro-tic.anuies.mx\/ctrl-content\/uploads\/sites\/9\/2023\/08\/Panel-Mujeres-12OCT-02-1-e1694623216425.png 2133w, https:\/\/encuentro-tic.anuies.mx\/ctrl-content\/uploads\/sites\/9\/2023\/08\/Panel-Mujeres-12OCT-02-1-e1694623216425-300x126.png 300w, https:\/\/encuentro-tic.anuies.mx\/ctrl-content\/uploads\/sites\/9\/2023\/08\/Panel-Mujeres-12OCT-02-1-e1694623216425-1024x432.png 1024w, https:\/\/encuentro-tic.anuies.mx\/ctrl-content\/uploads\/sites\/9\/2023\/08\/Panel-Mujeres-12OCT-02-1-e1694623216425-1536x647.png 1536w, https:\/\/encuentro-tic.anuies.mx\/ctrl-content\/uploads\/sites\/9\/2023\/08\/Panel-Mujeres-12OCT-02-1-e1694623216425-2048x863.png 2048w, https:\/\/encuentro-tic.anuies.mx\/ctrl-content\/uploads\/sites\/9\/2023\/08\/Panel-Mujeres-12OCT-02-1-e1694623216425-1920x809.png 1920w, https:\/\/encuentro-tic.anuies.mx\/ctrl-content\/uploads\/sites\/9\/2023\/08\/Panel-Mujeres-12OCT-02-1-e1694623216425-768x324.png 768w\" sizes=\"auto, (max-width: 2133px) 100vw, 2133px\" \/><\/p>\n<style>hr {border: 0 ; border-top: 4px double gold; width: 90%;}<\/style>\n<hr \/>\n<p style=\"text-align: justify;\"><span style=\"font-size: 16pt;\">Se enmarcar\u00e1 el panorama en el que las mujeres desempe\u00f1an un papel cada vez m\u00e1s importante y transformador en el \u00e1mbito de la tecnolog\u00eda y la transformaci\u00f3n digital, explorando<\/span><span style=\"font-size: 16pt;\">&nbsp;el poderoso impacto de las mujeres en la industria tecnol\u00f3gica y c\u00f3mo su influencia est\u00e1 dando forma a la direcci\u00f3n de la transformaci\u00f3n digital.<\/span><\/p>\n<style>hr {border: 0 ; border-top: 4px double gold; width: 90%;}<\/style>\n<hr \/>\n<\/div>\n<\/div><\/div><div id=\"panel-8901-0-1-1\" class=\"so-panel widget widget_sow-editor\" data-index=\"1\" ><div\n\t\t\t\n\t\t\tclass=\"so-widget-sow-editor so-widget-sow-editor-base\"\n\t\t\t\n\t\t><h3 class=\"widget-title\">Modera: Mtra. Erika S\u00e1nchez Chabl\u00e9<\/h3>\n<div class=\"siteorigin-widget-tinymce textwidget\">\n\t<p style=\"text-align: left;\"><span style=\"font-size: 16pt; color: #000000;\"><strong><span style=\"font-size: 16pt;\">Coordinadora General de Tecnolog\u00edas de la Informaci\u00f3n y la Comunicaci\u00f3n de la Universidad Aut\u00f3noma del Carmen (UNACAR). Coordinadora de la Red de Mujeres TIC de MetaRed M\u00e9xico y del Comit\u00e9 de Tecnolog\u00edas de ANUIES.<br \/>\n<\/span><\/strong><\/span><\/p>\n<p style=\"text-align: justify;\"><span style=\"font-size: 16pt;\"><img loading=\"lazy\" decoding=\"async\" class=\"wp-image-6577 size-full alignleft\" src=\"https:\/\/encuentro-tic.anuies.mx\/ctrl-content\/uploads\/2022\/08\/ERIKA-SANCHEZ-36.png\" alt=\"\" width=\"289\" height=\"289\" srcset=\"https:\/\/encuentro-tic.anuies.mx\/ctrl-content\/uploads\/sites\/9\/2022\/08\/ERIKA-SANCHEZ-36.png 2015w, https:\/\/encuentro-tic.anuies.mx\/ctrl-content\/uploads\/sites\/9\/2022\/08\/ERIKA-SANCHEZ-36-300x300.png 300w, https:\/\/encuentro-tic.anuies.mx\/ctrl-content\/uploads\/sites\/9\/2022\/08\/ERIKA-SANCHEZ-36-1024x1024.png 1024w, https:\/\/encuentro-tic.anuies.mx\/ctrl-content\/uploads\/sites\/9\/2022\/08\/ERIKA-SANCHEZ-36-150x150.png 150w, https:\/\/encuentro-tic.anuies.mx\/ctrl-content\/uploads\/sites\/9\/2022\/08\/ERIKA-SANCHEZ-36-1536x1536.png 1536w, https:\/\/encuentro-tic.anuies.mx\/ctrl-content\/uploads\/sites\/9\/2022\/08\/ERIKA-SANCHEZ-36-920x920.png 920w, https:\/\/encuentro-tic.anuies.mx\/ctrl-content\/uploads\/sites\/9\/2022\/08\/ERIKA-SANCHEZ-36-230x230.png 230w, https:\/\/encuentro-tic.anuies.mx\/ctrl-content\/uploads\/sites\/9\/2022\/08\/ERIKA-SANCHEZ-36-350x350.png 350w, https:\/\/encuentro-tic.anuies.mx\/ctrl-content\/uploads\/sites\/9\/2022\/08\/ERIKA-SANCHEZ-36-480x480.png 480w\" sizes=\"auto, (max-width: 289px) 100vw, 289px\" \/><\/span><\/p>\n<p style=\"text-align: justify;\"><span style=\"font-size: 16pt;\">Ingeniera en Computaci\u00f3n por la Universidad Aut\u00f3noma del Carmen (UNACAR) y Maestra en Gesti\u00f3n de Tecnolog\u00edas de la Informaci\u00f3n por la Universidad An\u00e1huac Mayab. Forma parte del Comit\u00e9 del Desarrollo de la Red de la Corporaci\u00f3n Universitaria para el Desarrollo de Internet A.C. (CUDI) como vocal y es Representante de la UNACAR ante el Consejo Directivo de CUDI. <\/span><\/p>\n<p style=\"text-align: justify;\"><span style=\"font-size: 16pt;\">Es Coordinadora de la Red de Tecnolog\u00edas de Informaci\u00f3n y la Comunicaci\u00f3n de la Regi\u00f3n Sur Sureste de la Asociaci\u00f3n Nacional de Universidades e Instituciones de Educaci\u00f3n Superior (ANUIES) y Coordinadora de la Red de Mujeres en TIC del Comit\u00e9 ANUIES-TIC \/ MetaRed M\u00e9xico. Impulsora de la creaci\u00f3n del Grupo Internacional de Mujeres TIC de Metared TIC y participante activa de la misma. Tambi\u00e9n participa como secretaria t\u00e9cnica del Grupo de Administraci\u00f3n Electr\u00f3nica de MetaRed M\u00e9xico.<\/span><\/p>\n<p style=\"text-align: justify;\"><span style=\"font-size: 16pt;\">Fue integrante de la primera generaci\u00f3n del Curso Internacional en Direcci\u00f3n TIC para CIOs de Universidades organizado por MetaRed.&nbsp;<\/span><\/p>\n<p style=\"text-align: justify;\"><span style=\"font-size: 16pt;\">La instituci\u00f3n que representa (UNACAR) ha recibido por cuatro a\u00f1os (2018, 2019, 2020 y 2022) el galard\u00f3n Reconocimiento ANUIES-TIC por proyectos que ha impulsado en la categor\u00eda \u201cInnovaci\u00f3n de la gesti\u00f3n mediante las TIC\u201d.<\/span><\/p>\n<p style=\"text-align: justify;\"><span style=\"font-size: 16pt;\">Fue reconocida por la Revista InfoWorld de circulaci\u00f3n nacional en su pa\u00eds como uno de los 100 Mejores directores de TIC (CIO) de M\u00e9xico en los a\u00f1os 2019, 2020 y 2022. En octubre de 2022 en el marco del Encuentro ANUIES-TIC, recibi\u00f3 el reconocimiento por su trayectoria en la Direcci\u00f3n Estrat\u00e9gica de las TIC en las Instituciones de Educaci\u00f3n Superior mexicanas.<\/span><br \/>\n.<\/p>\n<\/div>\n<\/div><\/div><div id=\"panel-8901-0-1-2\" class=\"so-panel widget widget_sow-editor\" data-index=\"2\" ><div\n\t\t\t\n\t\t\tclass=\"so-widget-sow-editor so-widget-sow-editor-base\"\n\t\t\t\n\t\t><h3 class=\"widget-title\">Dra. Carmen Enedina Rodr\u00edguez Armenta<\/h3>\n<div class=\"siteorigin-widget-tinymce textwidget\">\n\t<p style=\"text-align: justify;\"><span style=\"font-size: 16pt; color: #000000;\"><strong><span style=\"font-size: 16pt;\">Directora General de Educaci\u00f3n Superior Universitaria e Intercultural en la Secretar\u00eda de Educaci\u00f3n P\u00fablica del Gobierno Federal.<\/span><\/strong><\/span><\/p>\n<p style=\"text-align: justify;\"><span style=\"font-size: 16pt;\"><img loading=\"lazy\" decoding=\"async\" class=\"wp-image-8906 size-full alignleft\" src=\"https:\/\/encuentro-tic.anuies.mx\/ctrl-content\/uploads\/2023\/08\/Mtra.-Carmen-Rodriguez-en-circulo.png\" alt=\"\" width=\"302\" height=\"289\" srcset=\"https:\/\/encuentro-tic.anuies.mx\/ctrl-content\/uploads\/sites\/9\/2023\/08\/Mtra.-Carmen-Rodriguez-en-circulo.png 302w, https:\/\/encuentro-tic.anuies.mx\/ctrl-content\/uploads\/sites\/9\/2023\/08\/Mtra.-Carmen-Rodriguez-en-circulo-300x287.png 300w\" sizes=\"auto, (max-width: 302px) 100vw, 302px\" \/>Es Ingeniera en Computaci\u00f3n, Maestra en Administraci\u00f3n y Doctora en Gesti\u00f3n de la Educaci\u00f3n Superior por la Universidad de Guadalajara. Experta en el \u00e1rea de la incorporaci\u00f3n de las tecnolog\u00edas a los procesos de ense\u00f1anza-aprendizaje.<br \/>\nPrimera ingeniera en el Occidente de la Rep\u00fablica Mexicana en ser miembro titular de la Academia de Ingenier\u00eda y primera Vicerrectora Ejecutiva de la Universidad de Guadalajara. Fue la Directora General de la Instancia Coordinadora Nacional del programa M\u00e9xico Conectado de la Secretar\u00eda de Comunicaciones y Transportes.<br \/>\nParticipa activamente en la campa\u00f1a HeForShe de ONU Mujeres y es mentora STEM para impulsar las ciencias, matem\u00e1ticas y la tecnolog\u00eda entre las ni\u00f1as y adolescentes en la iniciativa \u201cNI\u00d1ASTEMPueden\u201d de la SEP y la OCDE.<br \/>\n<\/span><\/p>\n<\/div>\n<\/div><\/div><div id=\"panel-8901-0-1-3\" class=\"so-panel widget widget_sow-editor\" data-index=\"3\" ><div\n\t\t\t\n\t\t\tclass=\"so-widget-sow-editor so-widget-sow-editor-base\"\n\t\t\t\n\t\t><h3 class=\"widget-title\">Dra. Patricia Rosa Linda Trujillo Mariel<\/h3>\n<div class=\"siteorigin-widget-tinymce textwidget\">\n\t<p style=\"text-align: justify;\"><span style=\"font-size: 16pt; color: #000000;\"><strong><span style=\"font-size: 16pt;\">Acad\u00e9mica e investigadora en la Universidad de Xalapa, Veracruz.<\/span><\/strong><\/span><\/p>\n<p style=\"text-align: justify;\"><span style=\"font-size: 16pt;\"><img loading=\"lazy\" decoding=\"async\" class=\"wp-image-6576 size-full alignleft\" src=\"https:\/\/encuentro-tic.anuies.mx\/ctrl-content\/uploads\/2022\/08\/PATRICIA-TRUJILLO-39.png\" alt=\"\" width=\"289\" height=\"289\" srcset=\"https:\/\/encuentro-tic.anuies.mx\/ctrl-content\/uploads\/sites\/9\/2022\/08\/PATRICIA-TRUJILLO-39.png 2015w, https:\/\/encuentro-tic.anuies.mx\/ctrl-content\/uploads\/sites\/9\/2022\/08\/PATRICIA-TRUJILLO-39-300x300.png 300w, https:\/\/encuentro-tic.anuies.mx\/ctrl-content\/uploads\/sites\/9\/2022\/08\/PATRICIA-TRUJILLO-39-1024x1024.png 1024w, https:\/\/encuentro-tic.anuies.mx\/ctrl-content\/uploads\/sites\/9\/2022\/08\/PATRICIA-TRUJILLO-39-150x150.png 150w, https:\/\/encuentro-tic.anuies.mx\/ctrl-content\/uploads\/sites\/9\/2022\/08\/PATRICIA-TRUJILLO-39-1536x1536.png 1536w, https:\/\/encuentro-tic.anuies.mx\/ctrl-content\/uploads\/sites\/9\/2022\/08\/PATRICIA-TRUJILLO-39-920x920.png 920w, https:\/\/encuentro-tic.anuies.mx\/ctrl-content\/uploads\/sites\/9\/2022\/08\/PATRICIA-TRUJILLO-39-230x230.png 230w, https:\/\/encuentro-tic.anuies.mx\/ctrl-content\/uploads\/sites\/9\/2022\/08\/PATRICIA-TRUJILLO-39-350x350.png 350w, https:\/\/encuentro-tic.anuies.mx\/ctrl-content\/uploads\/sites\/9\/2022\/08\/PATRICIA-TRUJILLO-39-480x480.png 480w\" sizes=\"auto, (max-width: 289px) 100vw, 289px\" \/>Investigadora Acad\u00e9mica y Escritora. Fundadora de la Divisi\u00f3n Cient\u00edfica Federal. 1\u00aa. Comisaria General en M\u00e9xico por carrera policial. Tanto en 2018 como en 2019 fue nombrada una de las 100 mujeres m\u00e1s influyentes de M\u00e9xico. En 2019 fue reconocida por la Asociaci\u00f3n de los Organismos Policiales del Mundo en M\u00e9xico, por su alto servicio en el \u00e1rea de Seguridad en el pa\u00eds. En 2019 la oficina de Seguridad de UNODC en M\u00e9xico, premia su labor en Seguridad Nacional. En 2020, premia su labor gubernamental la Universidad Aut\u00f3noma de Nuevo Le\u00f3n. En 2021, es reconocida en ciberseguridad y nombrada miembro de la Red Latinoamericana de TIC. En 2022, premio internacional PREATA.<br \/>\n<\/span><\/p>\n<\/div>\n<\/div><\/div><div id=\"panel-8901-0-1-4\" class=\"so-panel widget widget_sow-editor\" data-index=\"4\" ><div\n\t\t\t\n\t\t\tclass=\"so-widget-sow-editor so-widget-sow-editor-base\"\n\t\t\t\n\t\t><h3 class=\"widget-title\">Dra. Carmen H. de Jes\u00fas D\u00edaz Novelo<\/h3>\n<div class=\"siteorigin-widget-tinymce textwidget\">\n\t<p style=\"text-align: justify;\"><span style=\"font-size: 16pt; color: #000000;\"><strong><span style=\"font-size: 16pt;\">Coordinadora de Tecnolog\u00eda Educativa en la Universidad Aut\u00f3noma de Yucat\u00e1n.<\/span><\/strong><\/span><\/p>\n<p style=\"text-align: justify;\"><span style=\"font-size: 16pt;\" data-wp-editing=\"1\"><img loading=\"lazy\" decoding=\"async\" class=\"wp-image-8908 size-full alignleft\" src=\"https:\/\/encuentro-tic.anuies.mx\/ctrl-content\/uploads\/2023\/08\/Mtra.-Carmen-Diaz-circulo.png\" alt=\"\" width=\"315\" height=\"286\" srcset=\"https:\/\/encuentro-tic.anuies.mx\/ctrl-content\/uploads\/sites\/9\/2023\/08\/Mtra.-Carmen-Diaz-circulo.png 315w, https:\/\/encuentro-tic.anuies.mx\/ctrl-content\/uploads\/sites\/9\/2023\/08\/Mtra.-Carmen-Diaz-circulo-300x272.png 300w\" sizes=\"auto, (max-width: 315px) 100vw, 315px\" \/>Pionera en ciberseguridad en las IES M\u00e9xico desde 2003, colabora en proyectos de TIC con IES del pa\u00eds y de LAC, recibi\u00f3 reconocimientos por su trayectoria de la UdeG, 2018, ANUIES, 2022 y UADY, 2022, ha participado en estudios nacionales e internacionales sobre TIC, Gobierno de TI y TD con la ANUIES, RedCLARA, EduTraDi y Metared, autora de art\u00edculos sobre seguridad de la informaci\u00f3n, liderazgo y buenas pr\u00e1cticas de TI en Universidades. Participa en comit\u00e9s nacionales e internacionales de TIC en la UNAM, ANUIES, Metared, CUDI y la Worldwide Women's Association. Con 25 a\u00f1os de labores en la UADY, ha colaborado en proyectos de TI que obtuvieron menciones especiales nacionales e internacionales, los m\u00e1s recientes: la Ventanilla \u00fanica de servicios de TIC, 2020; la Arquitectura de servicios de Tecnolog\u00eda Educativa, 2021; loT para crear nuevas experiencias de los servicios universitarios, 2022.<br \/>\n<\/span><\/p>\n<\/div>\n<\/div><\/div><div id=\"panel-8901-0-1-5\" class=\"so-panel widget widget_sow-editor panel-last-child\" data-index=\"5\" ><div\n\t\t\t\n\t\t\tclass=\"so-widget-sow-editor so-widget-sow-editor-base\"\n\t\t\t\n\t\t><h3 class=\"widget-title\">Mtra. Mar\u00eda Guadalupe Cid Escobedo<\/h3>\n<div class=\"siteorigin-widget-tinymce textwidget\">\n\t<p style=\"text-align: justify;\"><span style=\"font-size: 16pt; color: #000000;\"><strong><span style=\"font-size: 16pt;\">Coordinadora General de Servicios Administrativos e Infraestructura Tecnol\u00f3gica y Acad\u00e9mica en la Universidad de Guadalajara.<\/span><\/strong><\/span><\/p>\n<p style=\"text-align: justify;\"><span style=\"font-size: 16pt;\" data-wp-editing=\"1\"><img loading=\"lazy\" decoding=\"async\" class=\"wp-image-8910 size-full alignleft\" src=\"https:\/\/encuentro-tic.anuies.mx\/ctrl-content\/uploads\/2023\/08\/Mtra.-Guadalupe-CId-circulo.png\" alt=\"\" width=\"304\" height=\"287\" srcset=\"https:\/\/encuentro-tic.anuies.mx\/ctrl-content\/uploads\/sites\/9\/2023\/08\/Mtra.-Guadalupe-CId-circulo.png 304w, https:\/\/encuentro-tic.anuies.mx\/ctrl-content\/uploads\/sites\/9\/2023\/08\/Mtra.-Guadalupe-CId-circulo-300x283.png 300w\" sizes=\"auto, (max-width: 304px) 100vw, 304px\" \/>Es Maestra en Administraci\u00f3n y Gesti\u00f3n P\u00fablica y Licenciada en Econom\u00eda, por la Universidad Aut\u00f3noma de Zacatecas, adem\u00e1s de otros cursos y certificaciones en el tema. Cuenta con experiencia profesional en el sector p\u00fablico desde el 2002. Ingresa al Gobierno del Estado de Jalisco, en la Secretar\u00eda de Planeaci\u00f3n, Administraci\u00f3n y Finanzas (SEPAF), como Directora General de Programaci\u00f3n y Presupuesto en el periodo 2015-2018. Actualmente, desde mayo del 2019, es Coordinadora General de Servicios Administrativos e Infraestructura Tecnol\u00f3gica y Acad\u00e9mica en la Universidad de Guadalajara, as\u00ed tambi\u00e9n, acad\u00e9mica en el Centro Universitario de Ciencias Econ\u00f3mico Administrativas (UDG).<br \/>\n<\/span><\/p>\n<p>&nbsp;<\/p>\n<p>&nbsp;<\/p>\n<\/div>\n<\/div><\/div><\/div><div id=\"pgc-8901-0-2\"  class=\"panel-grid-cell panel-grid-cell-mobile-last\" ><div id=\"panel-8901-0-2-0\" class=\"so-panel widget widget_sow-editor panel-first-child\" data-index=\"6\" ><div\n\t\t\t\n\t\t\tclass=\"so-widget-sow-editor so-widget-sow-editor-base\"\n\t\t\t\n\t\t>\n<div class=\"siteorigin-widget-tinymce textwidget\">\n\t<ul style=\"list-style-type: square;\">\n<li><strong>D\u00eda:<\/strong> jueves 12 de octubre<\/li>\n<li><strong>Hora:<\/strong> 12:20 \u2013 13:10 h (CDMX)<\/li>\n<li><strong>Lugar: Centro Cultural Universitario Bicentenario, Universidad Aut\u00f3noma de San Luis Potos\u00ed<\/strong><\/li>\n<\/ul>\n<hr \/>\n<\/div>\n<\/div><\/div><div id=\"panel-8901-0-2-1\" class=\"so-panel widget widget_sow-editor\" data-index=\"7\" ><div\n\t\t\t\n\t\t\tclass=\"so-widget-sow-editor so-widget-sow-editor-base\"\n\t\t\t\n\t\t>\n<div class=\"siteorigin-widget-tinymce textwidget\">\n\t<p style=\"text-align: center;\"><a class=\"fasc-button fasc-size-large fasc-type-glossy fasc-rounded-medium fasc-ico-before dashicons-welcome-widgets-menus fasc-style-bold\" style=\"background-color: #194475; color: #ffffff;\" href=\"https:\/\/encuentro-tic.anuies.mx\/programa2023\/\">Programa<\/a><\/p>\n<p>&nbsp;<\/p>\n<p style=\"text-align: center;\"><a class=\"fasc-button fasc-size-large fasc-type-glossy fasc-rounded-medium fasc-ico-before dashicons-admin-site\" style=\"background-color: #691931; color: #ffffff;\" href=\"https:\/\/encuentro-tic.anuies.mx\/registro-encuentro\/\">Registro<\/a><\/p>\n<\/div>\n<\/div><\/div><div id=\"panel-8901-0-2-2\" class=\"so-panel widget widget_sow-editor panel-last-child\" data-index=\"8\" ><div\n\t\t\t\n\t\t\tclass=\"so-widget-sow-editor so-widget-sow-editor-base\"\n\t\t\t\n\t\t>\n<div class=\"siteorigin-widget-tinymce textwidget\">\n\t<p>&nbsp;<\/p>\n<p><img loading=\"lazy\" decoding=\"async\" class=\"aligncenter  wp-image-8916\" src=\"https:\/\/encuentro-tic.anuies.mx\/ctrl-content\/uploads\/2023\/08\/Logo-unacar.jpg\" alt=\"\" width=\"66\" height=\"93\"\/><img loading=\"lazy\" decoding=\"async\" class=\"aligncenter  wp-image-8917\" src=\"https:\/\/encuentro-tic.anuies.mx\/ctrl-content\/uploads\/2023\/08\/logo-gobierno-de-mexico.png\" alt=\"\" width=\"199\" height=\"73\" srcset=\"https:\/\/encuentro-tic.anuies.mx\/ctrl-content\/uploads\/sites\/9\/2023\/08\/logo-gobierno-de-mexico.png 371w, https:\/\/encuentro-tic.anuies.mx\/ctrl-content\/uploads\/sites\/9\/2023\/08\/logo-gobierno-de-mexico-300x110.png 300w\" sizes=\"auto, (max-width: 199px) 100vw, 199px\" \/><img loading=\"lazy\" decoding=\"async\" class=\"aligncenter  wp-image-8914\" src=\"https:\/\/encuentro-tic.anuies.mx\/ctrl-content\/uploads\/2023\/08\/universidad-de-xalapa.png\" alt=\"\" width=\"134\" height=\"96\"\/><img loading=\"lazy\" decoding=\"async\" class=\"aligncenter  wp-image-8913\" src=\"https:\/\/encuentro-tic.anuies.mx\/ctrl-content\/uploads\/2023\/08\/uady.png\" alt=\"\" width=\"69\" height=\"113\" srcset=\"https:\/\/encuentro-tic.anuies.mx\/ctrl-content\/uploads\/sites\/9\/2023\/08\/uady.png 467w, https:\/\/encuentro-tic.anuies.mx\/ctrl-content\/uploads\/sites\/9\/2023\/08\/uady-183x300.png 183w\" sizes=\"auto, (max-width: 69px) 100vw, 69px\" \/> <img loading=\"lazy\" decoding=\"async\" class=\"aligncenter  wp-image-8915\" src=\"https:\/\/encuentro-tic.anuies.mx\/ctrl-content\/uploads\/2023\/08\/udg.png\" alt=\"\" width=\"149\" height=\"138\"\/><\/p>\n<\/div>\n<\/div><\/div><\/div><div id=\"pgc-8901-0-3\"  class=\"panel-grid-cell panel-grid-cell-empty\" ><\/div><\/div><\/div>","protected":false},"excerpt":{"rendered":"<div class=\"pvc_clear\"><\/div>\n<p id=\"pvc_stats_8901\" class=\"pvc_stats all  \" data-element-id=\"8901\" style=\"\"><i class=\"pvc-stats-icon large\" aria-hidden=\"true\"><svg aria-hidden=\"true\" focusable=\"false\" data-prefix=\"far\" data-icon=\"chart-bar\" role=\"img\" xmlns=\"http:\/\/www.w3.org\/2000\/svg\" viewBox=\"0 0 512 512\" class=\"svg-inline--fa fa-chart-bar fa-w-16 fa-2x\"><path fill=\"currentColor\" d=\"M396.8 352h22.4c6.4 0 12.8-6.4 12.8-12.8V108.8c0-6.4-6.4-12.8-12.8-12.8h-22.4c-6.4 0-12.8 6.4-12.8 12.8v230.4c0 6.4 6.4 12.8 12.8 12.8zm-192 0h22.4c6.4 0 12.8-6.4 12.8-12.8V140.8c0-6.4-6.4-12.8-12.8-12.8h-22.4c-6.4 0-12.8 6.4-12.8 12.8v198.4c0 6.4 6.4 12.8 12.8 12.8zm96 0h22.4c6.4 0 12.8-6.4 12.8-12.8V204.8c0-6.4-6.4-12.8-12.8-12.8h-22.4c-6.4 0-12.8 6.4-12.8 12.8v134.4c0 6.4 6.4 12.8 12.8 12.8zM496 400H48V80c0-8.84-7.16-16-16-16H16C7.16 64 0 71.16 0 80v336c0 17.67 14.33 32 32 32h464c8.84 0 16-7.16 16-16v-16c0-8.84-7.16-16-16-16zm-387.2-48h22.4c6.4 0 12.8-6.4 12.8-12.8v-70.4c0-6.4-6.4-12.8-12.8-12.8h-22.4c-6.4 0-12.8 6.4-12.8 12.8v70.4c0 6.4 6.4 12.8 12.8 12.8z\" class=\"\"><\/path><\/svg><\/i> <img loading=\"lazy\" decoding=\"async\" width=\"16\" height=\"16\" alt=\"Loading\" src=\"https:\/\/encuentro-tic.anuies.mx\/ctrl-content\/plugins\/page-views-count\/ajax-loader-2x.gif\" border=0 \/><\/p>\n<div class=\"pvc_clear\"><\/div>\n<p>Se enmarcar\u00e1 el panorama en el que las mujeres desempe\u00f1an un papel cada vez m\u00e1s importante y transformador en el \u00e1mbito de la tecnolog\u00eda y la transformaci\u00f3n digital, explorando&nbsp;el poderoso impacto de las mujeres en la industria tecnol\u00f3gica y c\u00f3mo su influencia est\u00e1 dando forma a la direcci\u00f3n de la transformaci\u00f3n digital. Coordinadora General de&hellip; <br \/> <a class=\"button small blue\" href=\"https:\/\/encuentro-tic.anuies.mx\/2023\/las-mujeres-ante-los-desafios-de-la-educacion-superior-frente-a-la-irrupcion-tecnologica\/\">Leer m\u00e1s<\/a><\/p>\n","protected":false},"author":1,"featured_media":9760,"comment_status":"closed","ping_status":"closed","sticky":false,"template":"rttpg_full_width","format":"standard","meta":{"_exactmetrics_skip_tracking":false,"_exactmetrics_sitenote_active":false,"_exactmetrics_sitenote_note":"","_exactmetrics_sitenote_category":0,"ngg_post_thumbnail":0,"footnotes":""},"categories":[1],"tags":[],"class_list":["post-8901","post","type-post","status-publish","format-standard","has-post-thumbnail","hentry","category-conferencias"],"rttpg_featured_image_url":{"full":["https:\/\/encuentro-tic.anuies.mx\/ctrl-content\/uploads\/sites\/9\/2023\/08\/Panel-Mujeres-12OCT_Mesa-de-trabajo-1-e1695058933326.png",1667,1503,false],"landscape":["https:\/\/encuentro-tic.anuies.mx\/ctrl-content\/uploads\/sites\/9\/2023\/08\/Panel-Mujeres-12OCT_Mesa-de-trabajo-1-e1695058933326.png",1667,1503,false],"portraits":["https:\/\/encuentro-tic.anuies.mx\/ctrl-content\/uploads\/sites\/9\/2023\/08\/Panel-Mujeres-12OCT_Mesa-de-trabajo-1-e1695058933326.png",1667,1503,false],"thumbnail":["https:\/\/encuentro-tic.anuies.mx\/ctrl-content\/uploads\/sites\/9\/2023\/08\/Panel-Mujeres-12OCT_Mesa-de-trabajo-1-e1695058933326-150x150.png",150,150,true],"medium":["https:\/\/encuentro-tic.anuies.mx\/ctrl-content\/uploads\/sites\/9\/2023\/08\/Panel-Mujeres-12OCT_Mesa-de-trabajo-1-e1695058933326-300x270.png",300,270,true],"large":["https:\/\/encuentro-tic.anuies.mx\/ctrl-content\/uploads\/sites\/9\/2023\/08\/Panel-Mujeres-12OCT_Mesa-de-trabajo-1-e1695058933326-1024x923.png",1024,923,true],"post-slider-thumb-size":["https:\/\/encuentro-tic.anuies.mx\/ctrl-content\/uploads\/sites\/9\/2023\/08\/Panel-Mujeres-12OCT_Mesa-de-trabajo-1-e1695058933326-330x190.png",330,190,true],"1536x1536":["https:\/\/encuentro-tic.anuies.mx\/ctrl-content\/uploads\/sites\/9\/2023\/08\/Panel-Mujeres-12OCT_Mesa-de-trabajo-1-e1695058933326-1536x1385.png",1536,1385,true],"2048x2048":["https:\/\/encuentro-tic.anuies.mx\/ctrl-content\/uploads\/sites\/9\/2023\/08\/Panel-Mujeres-12OCT_Mesa-de-trabajo-1-e1695058933326.png",1667,1503,false],"post-thumbnail":["https:\/\/encuentro-tic.anuies.mx\/ctrl-content\/uploads\/sites\/9\/2023\/08\/Panel-Mujeres-12OCT_Mesa-de-trabajo-1-e1695058933326-1024x923.png",1024,923,true],"one-page-express-full-hd":["https:\/\/encuentro-tic.anuies.mx\/ctrl-content\/uploads\/sites\/9\/2023\/08\/Panel-Mujeres-12OCT_Mesa-de-trabajo-1-e1695058933326-1198x1080.png",1198,1080,true],"sow-carousel-default":["https:\/\/encuentro-tic.anuies.mx\/ctrl-content\/uploads\/sites\/9\/2023\/08\/Panel-Mujeres-12OCT_Mesa-de-trabajo-1-e1695058933326-272x182.png",272,182,true]},"rttpg_author":{"display_name":"ctrlweb","author_link":"https:\/\/encuentro-tic.anuies.mx\/2023\/author\/ctrlweb\/"},"rttpg_comment":0,"rttpg_category":"<a href=\"https:\/\/encuentro-tic.anuies.mx\/2023\/category\/conferencias\/\" rel=\"category tag\">Conferencias<\/a>","rttpg_excerpt":"Se enmarcar\u00e1 el panorama en el que las mujeres desempe\u00f1an un papel cada vez m\u00e1s importante y transformador en el \u00e1mbito de la tecnolog\u00eda y la transformaci\u00f3n digital, explorando&nbsp;el poderoso impacto de las mujeres en la industria tecnol\u00f3gica y c\u00f3mo su influencia est\u00e1 dando forma a la direcci\u00f3n de la transformaci\u00f3n digital. Coordinadora General de&hellip;&hellip;","_links":{"self":[{"href":"https:\/\/encuentro-tic.anuies.mx\/2023\/wp-json\/wp\/v2\/posts\/8901","targetHints":{"allow":["GET"]}}],"collection":[{"href":"https:\/\/encuentro-tic.anuies.mx\/2023\/wp-json\/wp\/v2\/posts"}],"about":[{"href":"https:\/\/encuentro-tic.anuies.mx\/2023\/wp-json\/wp\/v2\/types\/post"}],"author":[{"embeddable":true,"href":"https:\/\/encuentro-tic.anuies.mx\/2023\/wp-json\/wp\/v2\/users\/1"}],"replies":[{"embeddable":true,"href":"https:\/\/encuentro-tic.anuies.mx\/2023\/wp-json\/wp\/v2\/comments?post=8901"}],"version-history":[{"count":24,"href":"https:\/\/encuentro-tic.anuies.mx\/2023\/wp-json\/wp\/v2\/posts\/8901\/revisions"}],"predecessor-version":[{"id":9762,"href":"https:\/\/encuentro-tic.anuies.mx\/2023\/wp-json\/wp\/v2\/posts\/8901\/revisions\/9762"}],"wp:featuredmedia":[{"embeddable":true,"href":"https:\/\/encuentro-tic.anuies.mx\/2023\/wp-json\/wp\/v2\/media\/9760"}],"wp:attachment":[{"href":"https:\/\/encuentro-tic.anuies.mx\/2023\/wp-json\/wp\/v2\/media?parent=8901"}],"wp:term":[{"taxonomy":"category","embeddable":true,"href":"https:\/\/encuentro-tic.anuies.mx\/2023\/wp-json\/wp\/v2\/categories?post=8901"},{"taxonomy":"post_tag","embeddable":true,"href":"https:\/\/encuentro-tic.anuies.mx\/2023\/wp-json\/wp\/v2\/tags?post=8901"}],"curies":[{"name":"wp","href":"https:\/\/api.w.org\/{rel}","templated":true}]}}