{"id":7212,"date":"2022-10-19T14:20:37","date_gmt":"2022-10-19T19:20:37","guid":{"rendered":"https:\/\/encuentro-tic.anuies.mx\/2022\/?p=7212"},"modified":"2022-10-20T11:14:34","modified_gmt":"2022-10-20T16:14:34","slug":"conferenciauna-agenda-de-ciberseguridad-para-mexico","status":"publish","type":"post","link":"https:\/\/encuentro-tic.anuies.mx\/2022\/conferenciauna-agenda-de-ciberseguridad-para-mexico\/","title":{"rendered":"Conferencia virtual &#8220;Una agenda de ciberseguridad para M\u00e9xico&#8221;"},"content":{"rendered":"<div id=\"pl-7212\"  class=\"panel-layout\" ><div id=\"pg-7212-0\"  class=\"panel-grid panel-has-style\" ><div style=\"padding: 0px 0; \" data-overlay=\"true\" data-overlay-color=\"#000000\" class=\"panel-row-style panel-row-style-for-7212-0\" ><div id=\"pgc-7212-0-0\"  class=\"panel-grid-cell\" ><div id=\"panel-7212-0-0-0\" class=\"so-panel widget widget_sow-editor panel-first-child panel-last-child\" data-index=\"0\" ><div style=\"text-align: left;\" data-title-color=\"#443f3f\" data-headings-color=\"#443f3f\" class=\"panel-widget-style panel-widget-style-for-7212-0-0-0\" ><div\n\t\t\t\n\t\t\tclass=\"so-widget-sow-editor so-widget-sow-editor-base\"\n\t\t\t\n\t\t><h3 class=\"widget-title\">Conferencia virtual \"Una agenda de ciberseguridad para M\u00e9xico\"<\/h3>\n<div class=\"siteorigin-widget-tinymce textwidget\">\n\t<h3><img loading=\"lazy\" decoding=\"async\" class=\"aligncenter wp-image-7250 size-full\" src=\"https:\/\/encuentro-tic.anuies.mx\/ctrl-content\/uploads\/2022\/10\/CIBERSEGURIDAD-PARA.MEXICO-02-scaled-e1666282281277.jpg\" alt=\"\" width=\"2560\" height=\"1081\" srcset=\"https:\/\/encuentro-tic.anuies.mx\/ctrl-content\/uploads\/sites\/8\/2022\/10\/CIBERSEGURIDAD-PARA.MEXICO-02-scaled-e1666282281277.jpg 2560w, https:\/\/encuentro-tic.anuies.mx\/ctrl-content\/uploads\/sites\/8\/2022\/10\/CIBERSEGURIDAD-PARA.MEXICO-02-scaled-e1666282281277-300x127.jpg 300w, https:\/\/encuentro-tic.anuies.mx\/ctrl-content\/uploads\/sites\/8\/2022\/10\/CIBERSEGURIDAD-PARA.MEXICO-02-scaled-e1666282281277-1024x432.jpg 1024w, https:\/\/encuentro-tic.anuies.mx\/ctrl-content\/uploads\/sites\/8\/2022\/10\/CIBERSEGURIDAD-PARA.MEXICO-02-scaled-e1666282281277-1536x649.jpg 1536w, https:\/\/encuentro-tic.anuies.mx\/ctrl-content\/uploads\/sites\/8\/2022\/10\/CIBERSEGURIDAD-PARA.MEXICO-02-scaled-e1666282281277-2048x865.jpg 2048w, https:\/\/encuentro-tic.anuies.mx\/ctrl-content\/uploads\/sites\/8\/2022\/10\/CIBERSEGURIDAD-PARA.MEXICO-02-scaled-e1666282281277-920x388.jpg 920w, https:\/\/encuentro-tic.anuies.mx\/ctrl-content\/uploads\/sites\/8\/2022\/10\/CIBERSEGURIDAD-PARA.MEXICO-02-scaled-e1666282281277-230x97.jpg 230w, https:\/\/encuentro-tic.anuies.mx\/ctrl-content\/uploads\/sites\/8\/2022\/10\/CIBERSEGURIDAD-PARA.MEXICO-02-scaled-e1666282281277-350x148.jpg 350w, https:\/\/encuentro-tic.anuies.mx\/ctrl-content\/uploads\/sites\/8\/2022\/10\/CIBERSEGURIDAD-PARA.MEXICO-02-scaled-e1666282281277-480x203.jpg 480w, https:\/\/encuentro-tic.anuies.mx\/ctrl-content\/uploads\/sites\/8\/2022\/10\/CIBERSEGURIDAD-PARA.MEXICO-02-scaled-e1666282281277-768x324.jpg 768w\" sizes=\"auto, (max-width: 2560px) 100vw, 2560px\" \/><\/h3>\n<h3><span style=\"color: #800000;\">Fecha:<\/span> lunes 24 de Octubre de 2022&nbsp; <span style=\"color: #800000;\">Hora:<\/span> 09:00 - 10:00h (CDMX)<\/h3>\n<h3><span style=\"color: #800000;\"><img loading=\"lazy\" decoding=\"async\" class=\"alignleft wp-image-6902\" src=\"https:\/\/encuentro-tic.anuies.mx\/ctrl-content\/uploads\/2022\/09\/Marina-Vicario-300x300.png\" alt=\"\" width=\"250\" height=\"250\" srcset=\"https:\/\/encuentro-tic.anuies.mx\/ctrl-content\/uploads\/sites\/8\/2022\/09\/Marina-Vicario-300x300.png 300w, https:\/\/encuentro-tic.anuies.mx\/ctrl-content\/uploads\/sites\/8\/2022\/09\/Marina-Vicario-1024x1024.png 1024w, https:\/\/encuentro-tic.anuies.mx\/ctrl-content\/uploads\/sites\/8\/2022\/09\/Marina-Vicario-150x150.png 150w, https:\/\/encuentro-tic.anuies.mx\/ctrl-content\/uploads\/sites\/8\/2022\/09\/Marina-Vicario-1536x1536.png 1536w, https:\/\/encuentro-tic.anuies.mx\/ctrl-content\/uploads\/sites\/8\/2022\/09\/Marina-Vicario-920x920.png 920w, https:\/\/encuentro-tic.anuies.mx\/ctrl-content\/uploads\/sites\/8\/2022\/09\/Marina-Vicario-230x230.png 230w, https:\/\/encuentro-tic.anuies.mx\/ctrl-content\/uploads\/sites\/8\/2022\/09\/Marina-Vicario-350x350.png 350w, https:\/\/encuentro-tic.anuies.mx\/ctrl-content\/uploads\/sites\/8\/2022\/09\/Marina-Vicario-480x480.png 480w, https:\/\/encuentro-tic.anuies.mx\/ctrl-content\/uploads\/sites\/8\/2022\/09\/Marina-Vicario.png 2015w\" sizes=\"auto, (max-width: 250px) 100vw, 250px\" \/>Dra. Claudia Marina Vicario Sol\u00f3rzano<\/span><\/h3>\n<h4>Coordinadora de Red LaTE Me\u0301xico.<\/h4>\n<p style=\"text-align: justify;\">La Doctora Claudia Marina Vicario Sol\u00f3rzano es pionera, catedr\u00e1tica e investigadora mexicana&nbsp;en los campos de la Inform\u00e1tica, la Inform\u00e1tica Educativa, la innovaci\u00f3n con tecnolog\u00eda y los&nbsp;temas relativos a las cibersociedades. Licenciada en Ciencias de la Inform\u00e1tica por el IPN y&nbsp;Doctora en Pedagog\u00eda por la UNAM, coordin\u00f3 la&nbsp;conformaci\u00f3n del grupo de Smart Cities del IPN que integr\u00f3 m\u00e1s de 240 investigadores&nbsp;provenientes de 9 Redes Tem\u00e1ticas y forma parte del Consejo de Investigadores para Ciudad&nbsp;Creativa y Digital del CES CDMX. Actualmente es investigadora invitada de la empresa N\u00e9tica&nbsp;para el desarrollo de productos tecno-educativos, l\u00edder de la iniciativa del cluster nacional de&nbsp;tecnolog\u00eda educativa MXEDUTECH, del Grupo de Tecnolog\u00eda Educativa del Comit\u00e9 ANUIES&nbsp;TIC y del Comit\u00e9 de Aplicaciones de CUDI. Desde 2018 impulsa el programa Mexicanas del&nbsp;Futuro con Caravanas y Ferias de ciencia que promueve vocaciones STEM en ni\u00f1as entre los 13 y 18 a\u00f1os.<\/p>\n<p>&nbsp;<\/p>\n<h3><span style=\"color: #800000;\"><img loading=\"lazy\" decoding=\"async\" class=\"alignleft wp-image-7251\" src=\"https:\/\/encuentro-tic.anuies.mx\/ctrl-content\/uploads\/2022\/10\/EDUARDO-ROMERO-89-300x300.png\" alt=\"\" width=\"250\" height=\"250\" srcset=\"https:\/\/encuentro-tic.anuies.mx\/ctrl-content\/uploads\/sites\/8\/2022\/10\/EDUARDO-ROMERO-89-300x300.png 300w, https:\/\/encuentro-tic.anuies.mx\/ctrl-content\/uploads\/sites\/8\/2022\/10\/EDUARDO-ROMERO-89-1024x1024.png 1024w, https:\/\/encuentro-tic.anuies.mx\/ctrl-content\/uploads\/sites\/8\/2022\/10\/EDUARDO-ROMERO-89-150x150.png 150w, https:\/\/encuentro-tic.anuies.mx\/ctrl-content\/uploads\/sites\/8\/2022\/10\/EDUARDO-ROMERO-89-1536x1536.png 1536w, https:\/\/encuentro-tic.anuies.mx\/ctrl-content\/uploads\/sites\/8\/2022\/10\/EDUARDO-ROMERO-89-920x920.png 920w, https:\/\/encuentro-tic.anuies.mx\/ctrl-content\/uploads\/sites\/8\/2022\/10\/EDUARDO-ROMERO-89-230x230.png 230w, https:\/\/encuentro-tic.anuies.mx\/ctrl-content\/uploads\/sites\/8\/2022\/10\/EDUARDO-ROMERO-89-350x350.png 350w, https:\/\/encuentro-tic.anuies.mx\/ctrl-content\/uploads\/sites\/8\/2022\/10\/EDUARDO-ROMERO-89-480x480.png 480w, https:\/\/encuentro-tic.anuies.mx\/ctrl-content\/uploads\/sites\/8\/2022\/10\/EDUARDO-ROMERO-89.png 2015w\" sizes=\"auto, (max-width: 250px) 100vw, 250px\" \/>Ing. Eduardo Romero<\/span><\/h3>\n<h4>Coordinador del comit\u00e9 de tendencias tecnol\u00f3gicas y la comisi\u00f3n de ciberseguridad del Instituto Jalisciense de Tecnolog\u00edas de la Informaci\u00f3n (IJALTI).<\/h4>\n<p style=\"text-align: justify;\">Ingeniero en sistemas computacionales y estudiante de Ethical Hacking, actualmente trabaja en el Instituto Jalisciense de Tecnolog\u00edas de la Informaci\u00f3n (IJALTI), donde funge como coordinador del comit\u00e9 de tendencias tecnol\u00f3gicas y la comisi\u00f3n de ciberseguridad, apoyando al crecimiento de la cultura, mejores practicas y protecci\u00f3n de datos a nivel ciberseguridad en el sector TICS de Jalisco.<\/p>\n<p>&nbsp;<\/p>\n<p>&nbsp;<\/p>\n<p style=\"text-align: center;\"><a class=\"fasc-button fasc-size-large fasc-type-flat fasc-rounded-medium fasc-ico-before dashicons-undo\" style=\"background-color: #1d2b75; color: #ffffff;\" href=\"https:\/\/encuentro-tic.anuies.mx\/programa2022\/\">Regresar al programa<\/a><\/p>\n<p style=\"text-align: center;\"><a class=\"fasc-button fasc-size-large fasc-type-flat fasc-rounded-medium fasc-ico-before dashicons-admin-site\" style=\"background-color: #a18427; color: #ffffff;\" target=\"_blank\" rel=\"noopener\" href=\"https:\/\/registro-tic.anuies.mx\/\">Reg\u00edstrate aqu\u00ed<\/a><\/p>\n<\/div>\n<\/div><\/div><\/div><\/div><\/div><\/div><\/div>","protected":false},"excerpt":{"rendered":"<p>Fecha: lunes 24 de Octubre de 2022&nbsp; Hora: 09:00 &#8211; 10:00h (CDMX) Dra. Claudia Marina Vicario Sol\u00f3rzano Coordinadora de Red LaTE Me\u0301xico. [&hellip;]<\/p>\n","protected":false},"author":1,"featured_media":0,"comment_status":"closed","ping_status":"closed","sticky":false,"template":"post-templates\/post_full.php","format":"standard","meta":{"_exactmetrics_skip_tracking":false,"_exactmetrics_sitenote_active":false,"_exactmetrics_sitenote_note":"","_exactmetrics_sitenote_category":0,"ngg_post_thumbnail":0,"footnotes":""},"categories":[1],"tags":[],"class_list":["post-7212","post","type-post","status-publish","format-standard","hentry","category-conferencias"],"rttpg_featured_image_url":null,"rttpg_author":{"display_name":"ctrlweb","author_link":"https:\/\/encuentro-tic.anuies.mx\/2022\/author\/ctrlweb\/"},"rttpg_comment":0,"rttpg_category":"<a href=\"https:\/\/encuentro-tic.anuies.mx\/2022\/category\/conferencias\/\" rel=\"category tag\">Conferencias<\/a>","rttpg_excerpt":"Fecha: lunes 24 de Octubre de 2022&nbsp; Hora: 09:00 - 10:00h (CDMX) Dra. Claudia Marina Vicario Sol\u00f3rzano Coordinadora de Red LaTE Me\u0301xico. [&hellip;]","_links":{"self":[{"href":"https:\/\/encuentro-tic.anuies.mx\/2022\/wp-json\/wp\/v2\/posts\/7212","targetHints":{"allow":["GET"]}}],"collection":[{"href":"https:\/\/encuentro-tic.anuies.mx\/2022\/wp-json\/wp\/v2\/posts"}],"about":[{"href":"https:\/\/encuentro-tic.anuies.mx\/2022\/wp-json\/wp\/v2\/types\/post"}],"author":[{"embeddable":true,"href":"https:\/\/encuentro-tic.anuies.mx\/2022\/wp-json\/wp\/v2\/users\/1"}],"replies":[{"embeddable":true,"href":"https:\/\/encuentro-tic.anuies.mx\/2022\/wp-json\/wp\/v2\/comments?post=7212"}],"version-history":[{"count":4,"href":"https:\/\/encuentro-tic.anuies.mx\/2022\/wp-json\/wp\/v2\/posts\/7212\/revisions"}],"predecessor-version":[{"id":7252,"href":"https:\/\/encuentro-tic.anuies.mx\/2022\/wp-json\/wp\/v2\/posts\/7212\/revisions\/7252"}],"wp:attachment":[{"href":"https:\/\/encuentro-tic.anuies.mx\/2022\/wp-json\/wp\/v2\/media?parent=7212"}],"wp:term":[{"taxonomy":"category","embeddable":true,"href":"https:\/\/encuentro-tic.anuies.mx\/2022\/wp-json\/wp\/v2\/categories?post=7212"},{"taxonomy":"post_tag","embeddable":true,"href":"https:\/\/encuentro-tic.anuies.mx\/2022\/wp-json\/wp\/v2\/tags?post=7212"}],"curies":[{"name":"wp","href":"https:\/\/api.w.org\/{rel}","templated":true}]}}