{"id":7198,"date":"2022-10-18T13:53:45","date_gmt":"2022-10-18T18:53:45","guid":{"rendered":"https:\/\/encuentro-tic.anuies.mx\/2022\/?p=7198"},"modified":"2022-10-18T14:02:29","modified_gmt":"2022-10-18T19:02:29","slug":"conferencia-la-educacion-superior-retos-y-desafios-a-corto-y-mediano-plazo","status":"publish","type":"post","link":"https:\/\/encuentro-tic.anuies.mx\/2022\/conferencia-la-educacion-superior-retos-y-desafios-a-corto-y-mediano-plazo\/","title":{"rendered":"Conferencia magistral &#8220;La Educaci\u00f3n Superior retos y desaf\u00edos a corto y mediano plazo&#8221;"},"content":{"rendered":"<div id=\"pl-7198\"  class=\"panel-layout\" ><div id=\"pg-7198-0\"  class=\"panel-grid panel-has-style\" ><div style=\"padding: 0px 0; \" data-overlay=\"true\" data-overlay-color=\"#000000\" class=\"panel-row-style panel-row-style-for-7198-0\" ><div id=\"pgc-7198-0-0\"  class=\"panel-grid-cell\" ><div id=\"panel-7198-0-0-0\" class=\"so-panel widget widget_sow-editor panel-first-child panel-last-child\" data-index=\"0\" ><div style=\"text-align: left;\" data-title-color=\"#443f3f\" data-headings-color=\"#443f3f\" class=\"panel-widget-style panel-widget-style-for-7198-0-0-0\" ><div\n\t\t\t\n\t\t\tclass=\"so-widget-sow-editor so-widget-sow-editor-base\"\n\t\t\t\n\t\t><h3 class=\"widget-title\">Conferencia magistral \"La Educaci\u00f3n Superior retos y desaf\u00edos a corto y mediano plazo\"<\/h3>\n<div class=\"siteorigin-widget-tinymce textwidget\">\n\t<h3><img loading=\"lazy\" decoding=\"async\" class=\"aligncenter size-full wp-image-7208\" src=\"https:\/\/encuentro-tic.anuies.mx\/ctrl-content\/uploads\/2022\/10\/conferencia-UADY-02-scaled-e1666119716781.jpg\" alt=\"\" width=\"2560\" height=\"1094\" srcset=\"https:\/\/encuentro-tic.anuies.mx\/ctrl-content\/uploads\/sites\/8\/2022\/10\/conferencia-UADY-02-scaled-e1666119716781.jpg 2560w, https:\/\/encuentro-tic.anuies.mx\/ctrl-content\/uploads\/sites\/8\/2022\/10\/conferencia-UADY-02-scaled-e1666119716781-300x128.jpg 300w, https:\/\/encuentro-tic.anuies.mx\/ctrl-content\/uploads\/sites\/8\/2022\/10\/conferencia-UADY-02-scaled-e1666119716781-1024x438.jpg 1024w, https:\/\/encuentro-tic.anuies.mx\/ctrl-content\/uploads\/sites\/8\/2022\/10\/conferencia-UADY-02-scaled-e1666119716781-1536x656.jpg 1536w, https:\/\/encuentro-tic.anuies.mx\/ctrl-content\/uploads\/sites\/8\/2022\/10\/conferencia-UADY-02-scaled-e1666119716781-2048x875.jpg 2048w, https:\/\/encuentro-tic.anuies.mx\/ctrl-content\/uploads\/sites\/8\/2022\/10\/conferencia-UADY-02-scaled-e1666119716781-920x393.jpg 920w, https:\/\/encuentro-tic.anuies.mx\/ctrl-content\/uploads\/sites\/8\/2022\/10\/conferencia-UADY-02-scaled-e1666119716781-230x98.jpg 230w, https:\/\/encuentro-tic.anuies.mx\/ctrl-content\/uploads\/sites\/8\/2022\/10\/conferencia-UADY-02-scaled-e1666119716781-350x150.jpg 350w, https:\/\/encuentro-tic.anuies.mx\/ctrl-content\/uploads\/sites\/8\/2022\/10\/conferencia-UADY-02-scaled-e1666119716781-480x205.jpg 480w, https:\/\/encuentro-tic.anuies.mx\/ctrl-content\/uploads\/sites\/8\/2022\/10\/conferencia-UADY-02-scaled-e1666119716781-768x328.jpg 768w\" sizes=\"auto, (max-width: 2560px) 100vw, 2560px\" \/><\/h3>\n<h3><span style=\"color: #800000;\">Fecha:<\/span> jueves 27 de Octubre de 2022&nbsp; <span style=\"color: #800000;\">Hora:<\/span> 11:25 - 12:15h (CDMX)<\/h3>\n<h3><span style=\"color: #800000;\"><img loading=\"lazy\" decoding=\"async\" class=\"alignleft wp-image-7204\" src=\"https:\/\/encuentro-tic.anuies.mx\/ctrl-content\/uploads\/2022\/10\/williams-90-300x300.png\" alt=\"\" width=\"250\" height=\"250\" srcset=\"https:\/\/encuentro-tic.anuies.mx\/ctrl-content\/uploads\/sites\/8\/2022\/10\/williams-90-300x300.png 300w, https:\/\/encuentro-tic.anuies.mx\/ctrl-content\/uploads\/sites\/8\/2022\/10\/williams-90-1024x1024.png 1024w, https:\/\/encuentro-tic.anuies.mx\/ctrl-content\/uploads\/sites\/8\/2022\/10\/williams-90-150x150.png 150w, https:\/\/encuentro-tic.anuies.mx\/ctrl-content\/uploads\/sites\/8\/2022\/10\/williams-90-1536x1536.png 1536w, https:\/\/encuentro-tic.anuies.mx\/ctrl-content\/uploads\/sites\/8\/2022\/10\/williams-90-920x920.png 920w, https:\/\/encuentro-tic.anuies.mx\/ctrl-content\/uploads\/sites\/8\/2022\/10\/williams-90-230x230.png 230w, https:\/\/encuentro-tic.anuies.mx\/ctrl-content\/uploads\/sites\/8\/2022\/10\/williams-90-350x350.png 350w, https:\/\/encuentro-tic.anuies.mx\/ctrl-content\/uploads\/sites\/8\/2022\/10\/williams-90-480x480.png 480w, https:\/\/encuentro-tic.anuies.mx\/ctrl-content\/uploads\/sites\/8\/2022\/10\/williams-90.png 2015w\" sizes=\"auto, (max-width: 250px) 100vw, 250px\" \/>Dr. Jos\u00e9 de Jes\u00fas Williams<br \/>\n<\/span><\/h3>\n<h3>Rector de la Universidad Aut\u00f3noma de Yucat\u00e1n.<\/h3>\n<p style=\"text-align: justify;\"><span style=\"font-weight: 400;\">Rector de la universidad aut\u00f3noma de Yucat\u00e1n desde 2015, instituci\u00f3n en la que obtuvo la licenciatura en Medicina Veterinaria, as\u00ed como las maestr\u00edas en Producci\u00f3n Animal Tropical, Opci\u00f3n Salud Animal y en Administraci\u00f3n de Organizaciones Educativas. Tambi\u00e9n cuenta con una maestr\u00eda en Ciencias de la Sociedad con enfoque profesionalizante, menci\u00f3n: educaci\u00f3n, trabajo y formaci\u00f3n, especialidad: gesti\u00f3n de proyectos y de las organizaciones, por parte de la Universidad Paris XII. Es doctor en Ciencias Pecuarias por la Universidad de Colima y en Investigaci\u00f3n Educativa para el Desarrollo del Curr\u00edculo y de las Organizaciones Escolares por la Universidad de Granada.<\/span><\/p>\n<p style=\"text-align: justify;\"><span style=\"font-weight: 400;\">Desde 1981, es profesor de la Facultad de Medicina Veterinaria y Zootecnia de la UADY, de la que tambi\u00e9n fue director. Ha sido presidente de la Asociaci\u00f3n Mexicana de Escuelas y Facultades de Medicina Veterinaria y Zootecnia y de la Comisi\u00f3n de Evaluaci\u00f3n Acad\u00e9mica de la UADY. Tambi\u00e9n fue miembro de la Comisi\u00f3n Permanente Acad\u00e9mica del Consejo Universitario de la UADY y del Consejo T\u00e9cnico del Examen General para el Egreso de la Licenciatura en Medicina Veterinaria y Zootecnia del Ceneval. Actualmente, en representaci\u00f3n de la UADY, forma parte del Consejo Directivo del Ceneval.&nbsp;<\/span><\/p>\n<p style=\"text-align: justify;\"><span style=\"font-weight: 400;\">El Dr. Williams fue Evaluador Internacional certificado por la Uni\u00f3n de Universidades de Am\u00e9rica Latina (UDUAL). Ha sido evaluador de proyectos del Consejo Nacional de Educaci\u00f3n de la Medicina Veterinaria y Zootecnia (Conevet); del Consejo Nacional de Ciencia y Tecnolog\u00eda (Conacyt) en el \u00e1rea de Medicina y Salud Animal, as\u00ed como de proyectos internos del Instituto de Investigaciones en Ciencias Veterinarias de la Universidad Aut\u00f3noma de Baja California.<\/span><\/p>\n<p style=\"text-align: justify;\"><span style=\"font-weight: 400;\">Ha publicado art\u00edculos cient\u00edficos en revistas mexicanas como Salud P\u00fablica de M\u00e9xico y Revista Biom\u00e9dica, as\u00ed como en revistas internacionales como Journal of Animal and Veterinary Advances; Research in Veterinary Science e International Journal of Dairy Science, entre otras. Colabor\u00f3 en el libro Incorporaci\u00f3n de temas de bienestar animal en los planes de estudio de la carrera de Medicina Veterinaria y Zootecnia en M\u00e9xico. Ha dirigido diversas tesis de licenciatura, maestr\u00eda y doctorado.<\/span><\/p>\n<p>&nbsp;<\/p>\n<p style=\"text-align: center;\"><a class=\"fasc-button fasc-size-large fasc-type-flat fasc-rounded-medium fasc-ico-before dashicons-undo\" style=\"background-color: #1d2b75; color: #ffffff;\" href=\"https:\/\/encuentro-tic.anuies.mx\/programa2022\/\">Regresar al programa<\/a><\/p>\n<p style=\"text-align: center;\"><a class=\"fasc-button fasc-size-large fasc-type-flat fasc-rounded-medium fasc-ico-before dashicons-admin-site\" style=\"background-color: #a18427; color: #ffffff;\" target=\"_blank\" rel=\"noopener\" href=\"https:\/\/registro-tic.anuies.mx\/\">Reg\u00edstrate aqu\u00ed<\/a><\/p>\n<\/div>\n<\/div><\/div><\/div><\/div><\/div><\/div><\/div>","protected":false},"excerpt":{"rendered":"<p>Fecha: jueves 27 de Octubre de 2022&nbsp; Hora: 11:25 &#8211; 12:15h (CDMX) Dr. Jos\u00e9 de Jes\u00fas Williams Rector de la Universidad Aut\u00f3noma [&hellip;]<\/p>\n","protected":false},"author":1,"featured_media":0,"comment_status":"closed","ping_status":"closed","sticky":false,"template":"post-templates\/post_full.php","format":"standard","meta":{"_exactmetrics_skip_tracking":false,"_exactmetrics_sitenote_active":false,"_exactmetrics_sitenote_note":"","_exactmetrics_sitenote_category":0,"ngg_post_thumbnail":0,"footnotes":""},"categories":[1],"tags":[],"class_list":["post-7198","post","type-post","status-publish","format-standard","hentry","category-conferencias"],"rttpg_featured_image_url":null,"rttpg_author":{"display_name":"ctrlweb","author_link":"https:\/\/encuentro-tic.anuies.mx\/2022\/author\/ctrlweb\/"},"rttpg_comment":0,"rttpg_category":"<a href=\"https:\/\/encuentro-tic.anuies.mx\/2022\/category\/conferencias\/\" rel=\"category tag\">Conferencias<\/a>","rttpg_excerpt":"Fecha: jueves 27 de Octubre de 2022&nbsp; Hora: 11:25 - 12:15h (CDMX) Dr. Jos\u00e9 de Jes\u00fas Williams Rector de la Universidad Aut\u00f3noma [&hellip;]","_links":{"self":[{"href":"https:\/\/encuentro-tic.anuies.mx\/2022\/wp-json\/wp\/v2\/posts\/7198","targetHints":{"allow":["GET"]}}],"collection":[{"href":"https:\/\/encuentro-tic.anuies.mx\/2022\/wp-json\/wp\/v2\/posts"}],"about":[{"href":"https:\/\/encuentro-tic.anuies.mx\/2022\/wp-json\/wp\/v2\/types\/post"}],"author":[{"embeddable":true,"href":"https:\/\/encuentro-tic.anuies.mx\/2022\/wp-json\/wp\/v2\/users\/1"}],"replies":[{"embeddable":true,"href":"https:\/\/encuentro-tic.anuies.mx\/2022\/wp-json\/wp\/v2\/comments?post=7198"}],"version-history":[{"count":3,"href":"https:\/\/encuentro-tic.anuies.mx\/2022\/wp-json\/wp\/v2\/posts\/7198\/revisions"}],"predecessor-version":[{"id":7209,"href":"https:\/\/encuentro-tic.anuies.mx\/2022\/wp-json\/wp\/v2\/posts\/7198\/revisions\/7209"}],"wp:attachment":[{"href":"https:\/\/encuentro-tic.anuies.mx\/2022\/wp-json\/wp\/v2\/media?parent=7198"}],"wp:term":[{"taxonomy":"category","embeddable":true,"href":"https:\/\/encuentro-tic.anuies.mx\/2022\/wp-json\/wp\/v2\/categories?post=7198"},{"taxonomy":"post_tag","embeddable":true,"href":"https:\/\/encuentro-tic.anuies.mx\/2022\/wp-json\/wp\/v2\/tags?post=7198"}],"curies":[{"name":"wp","href":"https:\/\/api.w.org\/{rel}","templated":true}]}}