{"id":6926,"date":"2022-09-29T11:18:22","date_gmt":"2022-09-29T16:18:22","guid":{"rendered":"https:\/\/encuentro-tic.anuies.mx\/2022\/?p=6926"},"modified":"2022-09-29T11:18:22","modified_gmt":"2022-09-29T16:18:22","slug":"conferencia-virtual-el-futuro-del-trabajo-en-mexico","status":"publish","type":"post","link":"https:\/\/encuentro-tic.anuies.mx\/2022\/conferencia-virtual-el-futuro-del-trabajo-en-mexico\/","title":{"rendered":"Conferencia virtual &#8220;El futuro del trabajo en M\u00e9xico&#8221;"},"content":{"rendered":"<div id=\"pl-6926\"  class=\"panel-layout\" ><div id=\"pg-6926-0\"  class=\"panel-grid panel-has-style\" ><div style=\"padding: 0px 0; \" data-overlay=\"true\" data-overlay-color=\"#000000\" class=\"panel-row-style panel-row-style-for-6926-0\" ><div id=\"pgc-6926-0-0\"  class=\"panel-grid-cell\" ><div id=\"panel-6926-0-0-0\" class=\"so-panel widget widget_sow-editor panel-first-child panel-last-child\" data-index=\"0\" ><div style=\"text-align: left;\" data-title-color=\"#443f3f\" data-headings-color=\"#443f3f\" class=\"panel-widget-style panel-widget-style-for-6926-0-0-0\" ><div\n\t\t\t\n\t\t\tclass=\"so-widget-sow-editor so-widget-sow-editor-base\"\n\t\t\t\n\t\t><h3 class=\"widget-title\">Conferencia virtual \"El futuro del trabajo en M\u00e9xico\"<\/h3>\n<div class=\"siteorigin-widget-tinymce textwidget\">\n\t<h3><img loading=\"lazy\" decoding=\"async\" class=\"aligncenter wp-image-6933 size-full\" src=\"https:\/\/encuentro-tic.anuies.mx\/ctrl-content\/uploads\/2022\/09\/PLATZI-el-futuro-de-trabajo-02-scaled-e1664467811941.jpg\" alt=\"\" width=\"2560\" height=\"1094\" srcset=\"https:\/\/encuentro-tic.anuies.mx\/ctrl-content\/uploads\/sites\/8\/2022\/09\/PLATZI-el-futuro-de-trabajo-02-scaled-e1664467811941.jpg 2560w, https:\/\/encuentro-tic.anuies.mx\/ctrl-content\/uploads\/sites\/8\/2022\/09\/PLATZI-el-futuro-de-trabajo-02-scaled-e1664467811941-300x128.jpg 300w, https:\/\/encuentro-tic.anuies.mx\/ctrl-content\/uploads\/sites\/8\/2022\/09\/PLATZI-el-futuro-de-trabajo-02-scaled-e1664467811941-1024x438.jpg 1024w, https:\/\/encuentro-tic.anuies.mx\/ctrl-content\/uploads\/sites\/8\/2022\/09\/PLATZI-el-futuro-de-trabajo-02-scaled-e1664467811941-1536x656.jpg 1536w, https:\/\/encuentro-tic.anuies.mx\/ctrl-content\/uploads\/sites\/8\/2022\/09\/PLATZI-el-futuro-de-trabajo-02-scaled-e1664467811941-2048x875.jpg 2048w, https:\/\/encuentro-tic.anuies.mx\/ctrl-content\/uploads\/sites\/8\/2022\/09\/PLATZI-el-futuro-de-trabajo-02-scaled-e1664467811941-920x393.jpg 920w, https:\/\/encuentro-tic.anuies.mx\/ctrl-content\/uploads\/sites\/8\/2022\/09\/PLATZI-el-futuro-de-trabajo-02-scaled-e1664467811941-230x98.jpg 230w, https:\/\/encuentro-tic.anuies.mx\/ctrl-content\/uploads\/sites\/8\/2022\/09\/PLATZI-el-futuro-de-trabajo-02-scaled-e1664467811941-350x150.jpg 350w, https:\/\/encuentro-tic.anuies.mx\/ctrl-content\/uploads\/sites\/8\/2022\/09\/PLATZI-el-futuro-de-trabajo-02-scaled-e1664467811941-480x205.jpg 480w, https:\/\/encuentro-tic.anuies.mx\/ctrl-content\/uploads\/sites\/8\/2022\/09\/PLATZI-el-futuro-de-trabajo-02-scaled-e1664467811941-768x328.jpg 768w\" sizes=\"auto, (max-width: 2560px) 100vw, 2560px\" \/><\/h3>\n<h3>Acerca de la conferencia<\/h3>\n<p style=\"text-align: justify;\">El alza de startups y unicornios en M\u00e9xico ha aumentado la de talento con habilidades digitales. En M\u00e9xico hay una gran oportunidad para convertirse en una mina de talento digital si las personas deciden aprender y desarrollar habilidades de tecnolog\u00eda.<\/p>\n<p>El objetivo es compartir un punto de vista sobre la demanda y oferta de habilidades tecnol\u00f3gicas que existen en M\u00e9xico y una invitaci\u00f3n a desarrollar y crecer en este sentido.<\/p>\n<p>&nbsp;<\/p>\n<h3><strong>Conferenciante:<\/strong><\/h3>\n<h3><strong><span style=\"color: #800000;\"><img loading=\"lazy\" decoding=\"async\" class=\"wp-image-6934 alignleft\" src=\"https:\/\/encuentro-tic.anuies.mx\/ctrl-content\/uploads\/2022\/09\/Martha-platzi-80-300x300.png\" alt=\"\" width=\"250\" height=\"250\" srcset=\"https:\/\/encuentro-tic.anuies.mx\/ctrl-content\/uploads\/sites\/8\/2022\/09\/Martha-platzi-80-300x300.png 300w, https:\/\/encuentro-tic.anuies.mx\/ctrl-content\/uploads\/sites\/8\/2022\/09\/Martha-platzi-80-1024x1024.png 1024w, https:\/\/encuentro-tic.anuies.mx\/ctrl-content\/uploads\/sites\/8\/2022\/09\/Martha-platzi-80-150x150.png 150w, https:\/\/encuentro-tic.anuies.mx\/ctrl-content\/uploads\/sites\/8\/2022\/09\/Martha-platzi-80-1536x1536.png 1536w, https:\/\/encuentro-tic.anuies.mx\/ctrl-content\/uploads\/sites\/8\/2022\/09\/Martha-platzi-80-920x920.png 920w, https:\/\/encuentro-tic.anuies.mx\/ctrl-content\/uploads\/sites\/8\/2022\/09\/Martha-platzi-80-230x230.png 230w, https:\/\/encuentro-tic.anuies.mx\/ctrl-content\/uploads\/sites\/8\/2022\/09\/Martha-platzi-80-350x350.png 350w, https:\/\/encuentro-tic.anuies.mx\/ctrl-content\/uploads\/sites\/8\/2022\/09\/Martha-platzi-80-480x480.png 480w, https:\/\/encuentro-tic.anuies.mx\/ctrl-content\/uploads\/sites\/8\/2022\/09\/Martha-platzi-80.png 2015w\" sizes=\"auto, (max-width: 250px) 100vw, 250px\" \/>Martha Belden.<\/span><\/strong><\/h3>\n<h4><strong>Directora de Estrategia de Platzi.<\/strong><\/h4>\n<p style=\"text-align: justify;\">Directora de Estrategia de Platzi, donde lidera la estrategia de crecimiento de la empresa para transformar la educaci\u00f3n en Am\u00e9rica Latina. Cuenta con experiencia en consultor\u00eda de estrategia para fondos de inversi\u00f3n en Am\u00e9rica Latina, principalmente en los sectores de educaci\u00f3n y salud. Fue CEO de Advenio, una empresa de educaci\u00f3n inicial en M\u00e9xico y Colombia. Comenz\u00f3 su carrera trabajando en el Banco Interamericano de Desarrollo en Washington DC, en temas de responsabilidad social corporativa y emprendimientos sociales. Es ingeniera industrial del Tec de Monterrey y cuenta con un MBA de MIT Sloan.<\/p>\n<p style=\"text-align: justify;\">Martha es de Monterrey y vive en la Ciudad de M\u00e9xico. Es fan de las monta\u00f1as, el mar y el arte moderno.<\/p>\n<p>&nbsp;<\/p>\n<p style=\"text-align: center;\"><a class=\"fasc-button fasc-size-large fasc-type-flat fasc-rounded-medium fasc-ico-before dashicons-undo\" style=\"background-color: #1d2b75; color: #ffffff;\" href=\"https:\/\/encuentro-tic.anuies.mx\/programa2022\/\">Regresar al programa<\/a><\/p>\n<p style=\"text-align: center;\"><a class=\"fasc-button fasc-size-large fasc-type-flat fasc-rounded-medium fasc-ico-before dashicons-admin-site\" style=\"background-color: #a18427; color: #ffffff;\" target=\"_blank\" rel=\"noopener\" href=\"https:\/\/registro-tic.anuies.mx\/\">Reg\u00edstrate aqu\u00ed<\/a><\/p>\n<\/div>\n<\/div><\/div><\/div><\/div><\/div><\/div><\/div>","protected":false},"excerpt":{"rendered":"<p>Acerca de la conferencia El alza de startups y unicornios en M\u00e9xico ha aumentado la de talento con habilidades digitales. En M\u00e9xico [&hellip;]<\/p>\n","protected":false},"author":1,"featured_media":6935,"comment_status":"closed","ping_status":"closed","sticky":false,"template":"post-templates\/post_full.php","format":"standard","meta":{"_exactmetrics_skip_tracking":false,"_exactmetrics_sitenote_active":false,"_exactmetrics_sitenote_note":"","_exactmetrics_sitenote_category":0,"ngg_post_thumbnail":0,"footnotes":""},"categories":[1],"tags":[],"class_list":["post-6926","post","type-post","status-publish","format-standard","has-post-thumbnail","hentry","category-conferencias"],"rttpg_featured_image_url":{"full":["https:\/\/encuentro-tic.anuies.mx\/ctrl-content\/uploads\/sites\/8\/2022\/09\/PLATZI-el-futuro-de-trabajo_Mesa-de-trabajo-1-scaled.jpg",2560,2560,false],"landscape":["https:\/\/encuentro-tic.anuies.mx\/ctrl-content\/uploads\/sites\/8\/2022\/09\/PLATZI-el-futuro-de-trabajo_Mesa-de-trabajo-1-scaled.jpg",2560,2560,false],"portraits":["https:\/\/encuentro-tic.anuies.mx\/ctrl-content\/uploads\/sites\/8\/2022\/09\/PLATZI-el-futuro-de-trabajo_Mesa-de-trabajo-1-scaled.jpg",2560,2560,false],"thumbnail":["https:\/\/encuentro-tic.anuies.mx\/ctrl-content\/uploads\/sites\/8\/2022\/09\/PLATZI-el-futuro-de-trabajo_Mesa-de-trabajo-1-150x150.jpg",150,150,true],"medium":["https:\/\/encuentro-tic.anuies.mx\/ctrl-content\/uploads\/sites\/8\/2022\/09\/PLATZI-el-futuro-de-trabajo_Mesa-de-trabajo-1-300x300.jpg",300,300,true],"large":["https:\/\/encuentro-tic.anuies.mx\/ctrl-content\/uploads\/sites\/8\/2022\/09\/PLATZI-el-futuro-de-trabajo_Mesa-de-trabajo-1-1024x1024.jpg",1024,1024,true],"post-slider-thumb-size":["https:\/\/encuentro-tic.anuies.mx\/ctrl-content\/uploads\/sites\/8\/2022\/09\/PLATZI-el-futuro-de-trabajo_Mesa-de-trabajo-1-330x190.jpg",330,190,true],"1536x1536":["https:\/\/encuentro-tic.anuies.mx\/ctrl-content\/uploads\/sites\/8\/2022\/09\/PLATZI-el-futuro-de-trabajo_Mesa-de-trabajo-1-1536x1536.jpg",1536,1536,true],"2048x2048":["https:\/\/encuentro-tic.anuies.mx\/ctrl-content\/uploads\/sites\/8\/2022\/09\/PLATZI-el-futuro-de-trabajo_Mesa-de-trabajo-1-2048x2048.jpg",2048,2048,true],"sydney-large-thumb":["https:\/\/encuentro-tic.anuies.mx\/ctrl-content\/uploads\/sites\/8\/2022\/09\/PLATZI-el-futuro-de-trabajo_Mesa-de-trabajo-1-920x920.jpg",920,920,true],"sydney-medium-thumb":["https:\/\/encuentro-tic.anuies.mx\/ctrl-content\/uploads\/sites\/8\/2022\/09\/PLATZI-el-futuro-de-trabajo_Mesa-de-trabajo-1-550x400.jpg",550,400,true],"sydney-small-thumb":["https:\/\/encuentro-tic.anuies.mx\/ctrl-content\/uploads\/sites\/8\/2022\/09\/PLATZI-el-futuro-de-trabajo_Mesa-de-trabajo-1-230x230.jpg",230,230,true],"sydney-service-thumb":["https:\/\/encuentro-tic.anuies.mx\/ctrl-content\/uploads\/sites\/8\/2022\/09\/PLATZI-el-futuro-de-trabajo_Mesa-de-trabajo-1-350x350.jpg",350,350,true],"sydney-mas-thumb":["https:\/\/encuentro-tic.anuies.mx\/ctrl-content\/uploads\/sites\/8\/2022\/09\/PLATZI-el-futuro-de-trabajo_Mesa-de-trabajo-1-480x480.jpg",480,480,true],"sow-carousel-default":["https:\/\/encuentro-tic.anuies.mx\/ctrl-content\/uploads\/sites\/8\/2022\/09\/PLATZI-el-futuro-de-trabajo_Mesa-de-trabajo-1-272x182.jpg",272,182,true]},"rttpg_author":{"display_name":"ctrlweb","author_link":"https:\/\/encuentro-tic.anuies.mx\/2022\/author\/ctrlweb\/"},"rttpg_comment":0,"rttpg_category":"<a href=\"https:\/\/encuentro-tic.anuies.mx\/2022\/category\/conferencias\/\" rel=\"category tag\">Conferencias<\/a>","rttpg_excerpt":"Acerca de la conferencia El alza de startups y unicornios en M\u00e9xico ha aumentado la de talento con habilidades digitales. En M\u00e9xico [&hellip;]","_links":{"self":[{"href":"https:\/\/encuentro-tic.anuies.mx\/2022\/wp-json\/wp\/v2\/posts\/6926","targetHints":{"allow":["GET"]}}],"collection":[{"href":"https:\/\/encuentro-tic.anuies.mx\/2022\/wp-json\/wp\/v2\/posts"}],"about":[{"href":"https:\/\/encuentro-tic.anuies.mx\/2022\/wp-json\/wp\/v2\/types\/post"}],"author":[{"embeddable":true,"href":"https:\/\/encuentro-tic.anuies.mx\/2022\/wp-json\/wp\/v2\/users\/1"}],"replies":[{"embeddable":true,"href":"https:\/\/encuentro-tic.anuies.mx\/2022\/wp-json\/wp\/v2\/comments?post=6926"}],"version-history":[{"count":1,"href":"https:\/\/encuentro-tic.anuies.mx\/2022\/wp-json\/wp\/v2\/posts\/6926\/revisions"}],"predecessor-version":[{"id":6936,"href":"https:\/\/encuentro-tic.anuies.mx\/2022\/wp-json\/wp\/v2\/posts\/6926\/revisions\/6936"}],"wp:featuredmedia":[{"embeddable":true,"href":"https:\/\/encuentro-tic.anuies.mx\/2022\/wp-json\/wp\/v2\/media\/6935"}],"wp:attachment":[{"href":"https:\/\/encuentro-tic.anuies.mx\/2022\/wp-json\/wp\/v2\/media?parent=6926"}],"wp:term":[{"taxonomy":"category","embeddable":true,"href":"https:\/\/encuentro-tic.anuies.mx\/2022\/wp-json\/wp\/v2\/categories?post=6926"},{"taxonomy":"post_tag","embeddable":true,"href":"https:\/\/encuentro-tic.anuies.mx\/2022\/wp-json\/wp\/v2\/tags?post=6926"}],"curies":[{"name":"wp","href":"https:\/\/api.w.org\/{rel}","templated":true}]}}