{"id":6550,"date":"2022-08-23T14:57:51","date_gmt":"2022-08-23T19:57:51","guid":{"rendered":"https:\/\/encuentro-tic.anuies.mx\/2022\/?p=6550"},"modified":"2022-08-23T15:01:39","modified_gmt":"2022-08-23T20:01:39","slug":"conferencia-virtual-analisis-de-datos-en-la-toma-de-decisiones-en-la-unam","status":"publish","type":"post","link":"https:\/\/encuentro-tic.anuies.mx\/2022\/conferencia-virtual-analisis-de-datos-en-la-toma-de-decisiones-en-la-unam\/","title":{"rendered":"Conferencia virtual &#8220;An\u00e1lisis de datos en la toma de decisiones en la UNAM&#8221;"},"content":{"rendered":"<div id=\"pl-6550\"  class=\"panel-layout\" ><div id=\"pg-6550-0\"  class=\"panel-grid panel-has-style\" ><div style=\"padding: 0px 0; \" data-overlay=\"true\" data-overlay-color=\"#000000\" class=\"panel-row-style panel-row-style-for-6550-0\" ><div id=\"pgc-6550-0-0\"  class=\"panel-grid-cell\" ><div id=\"panel-6550-0-0-0\" class=\"so-panel widget widget_sow-editor panel-first-child panel-last-child\" data-index=\"0\" ><div style=\"text-align: left;\" data-title-color=\"#443f3f\" data-headings-color=\"#443f3f\" class=\"panel-widget-style panel-widget-style-for-6550-0-0-0\" ><div\n\t\t\t\n\t\t\tclass=\"so-widget-sow-editor so-widget-sow-editor-base\"\n\t\t\t\n\t\t><h3 class=\"widget-title\">Conferencia virtual \"An\u00e1lisis de datos en la toma de decisiones en la UNAM\"<\/h3>\n<div class=\"siteorigin-widget-tinymce textwidget\">\n\t<p><img loading=\"lazy\" decoding=\"async\" class=\"aligncenter wp-image-6562 size-full\" src=\"https:\/\/encuentro-tic.anuies.mx\/ctrl-content\/uploads\/2022\/08\/analisis-de-datos-02-scaled-e1661284882222.jpg\" alt=\"\" width=\"2560\" height=\"1088\" srcset=\"https:\/\/encuentro-tic.anuies.mx\/ctrl-content\/uploads\/sites\/8\/2022\/08\/analisis-de-datos-02-scaled-e1661284882222.jpg 2560w, https:\/\/encuentro-tic.anuies.mx\/ctrl-content\/uploads\/sites\/8\/2022\/08\/analisis-de-datos-02-scaled-e1661284882222-300x128.jpg 300w, https:\/\/encuentro-tic.anuies.mx\/ctrl-content\/uploads\/sites\/8\/2022\/08\/analisis-de-datos-02-scaled-e1661284882222-1024x435.jpg 1024w, https:\/\/encuentro-tic.anuies.mx\/ctrl-content\/uploads\/sites\/8\/2022\/08\/analisis-de-datos-02-scaled-e1661284882222-1536x653.jpg 1536w, https:\/\/encuentro-tic.anuies.mx\/ctrl-content\/uploads\/sites\/8\/2022\/08\/analisis-de-datos-02-scaled-e1661284882222-2048x870.jpg 2048w, https:\/\/encuentro-tic.anuies.mx\/ctrl-content\/uploads\/sites\/8\/2022\/08\/analisis-de-datos-02-scaled-e1661284882222-920x391.jpg 920w, https:\/\/encuentro-tic.anuies.mx\/ctrl-content\/uploads\/sites\/8\/2022\/08\/analisis-de-datos-02-scaled-e1661284882222-230x98.jpg 230w, https:\/\/encuentro-tic.anuies.mx\/ctrl-content\/uploads\/sites\/8\/2022\/08\/analisis-de-datos-02-scaled-e1661284882222-350x149.jpg 350w, https:\/\/encuentro-tic.anuies.mx\/ctrl-content\/uploads\/sites\/8\/2022\/08\/analisis-de-datos-02-scaled-e1661284882222-480x204.jpg 480w, https:\/\/encuentro-tic.anuies.mx\/ctrl-content\/uploads\/sites\/8\/2022\/08\/analisis-de-datos-02-scaled-e1661284882222-768x326.jpg 768w\" sizes=\"auto, (max-width: 2560px) 100vw, 2560px\" \/><\/p>\n<h3>Acerca de la conferencia<\/h3>\n<p style=\"text-align: justify;\">En breve mayor informaci\u00f3n<\/p>\n<p>&nbsp;<\/p>\n<h3><strong>Conferenciante:&nbsp;<\/strong><span style=\"color: #800000;\">Dr. H\u00e9ctor Ben\u00edtez P\u00e9rez.<\/span><\/h3>\n<h4><strong>Director General de C\u00f3mputo y de Tecnolog\u00edas de Informaci\u00f3n y Comunicaci\u00f3n (DGTIC) de la Universidad Nacional Aut\u00f3noma de M\u00e9xico.<\/strong><\/h4>\n<h4 style=\"text-align: justify;\"><img loading=\"lazy\" decoding=\"async\" class=\"alignleft wp-image-6516\" src=\"https:\/\/encuentro-tic.anuies.mx\/ctrl-content\/uploads\/2022\/08\/hector-benitez-35-300x300.png\" alt=\"\" width=\"250\" height=\"250\" srcset=\"https:\/\/encuentro-tic.anuies.mx\/ctrl-content\/uploads\/sites\/8\/2022\/08\/hector-benitez-35-300x300.png 300w, https:\/\/encuentro-tic.anuies.mx\/ctrl-content\/uploads\/sites\/8\/2022\/08\/hector-benitez-35-1024x1024.png 1024w, https:\/\/encuentro-tic.anuies.mx\/ctrl-content\/uploads\/sites\/8\/2022\/08\/hector-benitez-35-150x150.png 150w, https:\/\/encuentro-tic.anuies.mx\/ctrl-content\/uploads\/sites\/8\/2022\/08\/hector-benitez-35-1536x1536.png 1536w, https:\/\/encuentro-tic.anuies.mx\/ctrl-content\/uploads\/sites\/8\/2022\/08\/hector-benitez-35-920x920.png 920w, https:\/\/encuentro-tic.anuies.mx\/ctrl-content\/uploads\/sites\/8\/2022\/08\/hector-benitez-35-230x230.png 230w, https:\/\/encuentro-tic.anuies.mx\/ctrl-content\/uploads\/sites\/8\/2022\/08\/hector-benitez-35-350x350.png 350w, https:\/\/encuentro-tic.anuies.mx\/ctrl-content\/uploads\/sites\/8\/2022\/08\/hector-benitez-35-480x480.png 480w, https:\/\/encuentro-tic.anuies.mx\/ctrl-content\/uploads\/sites\/8\/2022\/08\/hector-benitez-35.png 2015w\" sizes=\"auto, (max-width: 250px) 100vw, 250px\" \/><\/h4>\n<p style=\"text-align: justify;\">Actualmente, es titular de la Direcci\u00f3n General de C\u00f3mputo y de Tecnolog\u00edas de Informaci\u00f3n y Comunicaci\u00f3n (DGTIC) e investigador titular B de tiempo completo en el Instituto de Investigaciones en Matem\u00e1ticas Aplicadas y en Sistemas (IIMAS), de la UNAM. Es miembro del Sistema Nacional de Investigadores nivel II, PRIDE D y miembro de las Academias Mexicana de Ciencia y de Ingenier\u00eda.<\/p>\n<p style=\"text-align: justify;\">Dentro de su producci\u00f3n cient\u00edfica se encuentran publicados: cuatro registros de obra, cuatro libros, ocho cap\u00edtulos de libros, 51 art\u00edculos en revistas, 77 art\u00edculos en congresos nacionales e internacionales, 42 estudiantes graduados (siete de doctorado, 25 de maestr\u00eda, ocho de licenciatura, dos de especializaci\u00f3n) y 50 cursos impartidos entre licenciatura y posgrado.<\/p>\n<p style=\"text-align: justify;\">Asimismo, ha liderado 19 proyectos de investigaci\u00f3n y de vinculaci\u00f3n con diversas instancias tanto universitarias como productivas. En la modalidad tutorial participa en los Posgrados de Ciencia e Ingenier\u00eda de la Computaci\u00f3n, y en el de Ingenier\u00eda.<\/p>\n<p style=\"text-align: justify;\">Ha sido miembro de diversas comisiones evaluadoras en el Consejo Nacional de Ciencia y Tecnolog\u00eda (Conacyt) y de la comisi\u00f3n dictaminadora de la DGTIC, as\u00ed como consejero t\u00e9cnico y director del IIMAS.<\/p>\n<p style=\"text-align: justify;\">La labor de investigaci\u00f3n del doctor Ben\u00edtez se ha centrado principalmente en el estudio del control sobre redes de c\u00f3mputo (NCS, por sus siglas en Ingl\u00e9s), sistemas de manufactura inteligente y sistemas distribuidos. Dentro de ambas \u00e1reas de estudio (que se pudieran subdividir en varios campos) ha presentado diversos desarrollos y propuestas que han dado como resultado distintas publicaciones en diferentes \u00e1mbitos y con varios tipos de impacto.<\/p>\n<p style=\"text-align: center;\"><a class=\"fasc-button fasc-size-large fasc-type-flat fasc-rounded-medium fasc-ico-before dashicons-undo\" style=\"background-color: #1d2b75; color: #ffffff;\" href=\"https:\/\/encuentro-tic.anuies.mx\/programa2022\/\">Regresar al programa<\/a><\/p>\n<p style=\"text-align: center;\"><a class=\"fasc-button fasc-size-large fasc-type-flat fasc-rounded-medium fasc-ico-before dashicons-admin-site\" style=\"background-color: #a18427; color: #ffffff;\" target=\"_blank\" rel=\"noopener\" href=\"https:\/\/registro-tic.anuies.mx\/\">Reg\u00edstrate aqu\u00ed<\/a><\/p>\n<\/div>\n<\/div><\/div><\/div><\/div><\/div><\/div><\/div>","protected":false},"excerpt":{"rendered":"<p>Acerca de la conferencia En breve mayor informaci\u00f3n &nbsp; Conferenciante:&nbsp;Dr. H\u00e9ctor Ben\u00edtez P\u00e9rez. Director General de C\u00f3mputo y de Tecnolog\u00edas de Informaci\u00f3n [&hellip;]<\/p>\n","protected":false},"author":1,"featured_media":0,"comment_status":"closed","ping_status":"closed","sticky":false,"template":"post-templates\/post_full.php","format":"standard","meta":{"_exactmetrics_skip_tracking":false,"_exactmetrics_sitenote_active":false,"_exactmetrics_sitenote_note":"","_exactmetrics_sitenote_category":0,"ngg_post_thumbnail":0,"footnotes":""},"categories":[1],"tags":[],"class_list":["post-6550","post","type-post","status-publish","format-standard","hentry","category-conferencias"],"rttpg_featured_image_url":null,"rttpg_author":{"display_name":"ctrlweb","author_link":"https:\/\/encuentro-tic.anuies.mx\/2022\/author\/ctrlweb\/"},"rttpg_comment":0,"rttpg_category":"<a href=\"https:\/\/encuentro-tic.anuies.mx\/2022\/category\/conferencias\/\" rel=\"category tag\">Conferencias<\/a>","rttpg_excerpt":"Acerca de la conferencia En breve mayor informaci\u00f3n &nbsp; Conferenciante:&nbsp;Dr. H\u00e9ctor Ben\u00edtez P\u00e9rez. Director General de C\u00f3mputo y de Tecnolog\u00edas de Informaci\u00f3n [&hellip;]","_links":{"self":[{"href":"https:\/\/encuentro-tic.anuies.mx\/2022\/wp-json\/wp\/v2\/posts\/6550","targetHints":{"allow":["GET"]}}],"collection":[{"href":"https:\/\/encuentro-tic.anuies.mx\/2022\/wp-json\/wp\/v2\/posts"}],"about":[{"href":"https:\/\/encuentro-tic.anuies.mx\/2022\/wp-json\/wp\/v2\/types\/post"}],"author":[{"embeddable":true,"href":"https:\/\/encuentro-tic.anuies.mx\/2022\/wp-json\/wp\/v2\/users\/1"}],"replies":[{"embeddable":true,"href":"https:\/\/encuentro-tic.anuies.mx\/2022\/wp-json\/wp\/v2\/comments?post=6550"}],"version-history":[{"count":2,"href":"https:\/\/encuentro-tic.anuies.mx\/2022\/wp-json\/wp\/v2\/posts\/6550\/revisions"}],"predecessor-version":[{"id":6563,"href":"https:\/\/encuentro-tic.anuies.mx\/2022\/wp-json\/wp\/v2\/posts\/6550\/revisions\/6563"}],"wp:attachment":[{"href":"https:\/\/encuentro-tic.anuies.mx\/2022\/wp-json\/wp\/v2\/media?parent=6550"}],"wp:term":[{"taxonomy":"category","embeddable":true,"href":"https:\/\/encuentro-tic.anuies.mx\/2022\/wp-json\/wp\/v2\/categories?post=6550"},{"taxonomy":"post_tag","embeddable":true,"href":"https:\/\/encuentro-tic.anuies.mx\/2022\/wp-json\/wp\/v2\/tags?post=6550"}],"curies":[{"name":"wp","href":"https:\/\/api.w.org\/{rel}","templated":true}]}}