{"id":6283,"date":"2022-08-12T14:35:18","date_gmt":"2022-08-12T19:35:18","guid":{"rendered":"https:\/\/encuentro-tic.anuies.mx\/2022\/?p=6283"},"modified":"2022-08-25T14:55:13","modified_gmt":"2022-08-25T19:55:13","slug":"conferencia-virtual-la-universidad-ante-una-nueva-simbiosis-en-la-era-digital","status":"publish","type":"post","link":"https:\/\/encuentro-tic.anuies.mx\/2022\/conferencia-virtual-la-universidad-ante-una-nueva-simbiosis-en-la-era-digital\/","title":{"rendered":"Conferencia virtual &#8220;La universidad ante una nueva simbiosis en la era digital&#8221;"},"content":{"rendered":"<div id=\"pl-6283\"  class=\"panel-layout\" ><div id=\"pg-6283-0\"  class=\"panel-grid panel-has-style\" ><div style=\"padding: 0px 0; \" data-overlay=\"true\" data-overlay-color=\"#000000\" class=\"panel-row-style panel-row-style-for-6283-0\" ><div id=\"pgc-6283-0-0\"  class=\"panel-grid-cell\" ><div id=\"panel-6283-0-0-0\" class=\"so-panel widget widget_sow-editor panel-first-child panel-last-child\" data-index=\"0\" ><div style=\"text-align: left;\" data-title-color=\"#443f3f\" data-headings-color=\"#443f3f\" class=\"panel-widget-style panel-widget-style-for-6283-0-0-0\" ><div\n\t\t\t\n\t\t\tclass=\"so-widget-sow-editor so-widget-sow-editor-base\"\n\t\t\t\n\t\t><h3 class=\"widget-title\">Conferencia virtual \"La universidad ante una nueva simbiosis en la era digital\"<\/h3>\n<div class=\"siteorigin-widget-tinymce textwidget\">\n\t<p><img loading=\"lazy\" decoding=\"async\" class=\"aligncenter wp-image-6609 size-full\" src=\"https:\/\/encuentro-tic.anuies.mx\/ctrl-content\/uploads\/2022\/08\/conferencia-transformacion-digital-02-ok-scaled-e1661455780348.jpg\" alt=\"\" width=\"2560\" height=\"1081\" srcset=\"https:\/\/encuentro-tic.anuies.mx\/ctrl-content\/uploads\/sites\/8\/2022\/08\/conferencia-transformacion-digital-02-ok-scaled-e1661455780348.jpg 2560w, https:\/\/encuentro-tic.anuies.mx\/ctrl-content\/uploads\/sites\/8\/2022\/08\/conferencia-transformacion-digital-02-ok-scaled-e1661455780348-300x127.jpg 300w, https:\/\/encuentro-tic.anuies.mx\/ctrl-content\/uploads\/sites\/8\/2022\/08\/conferencia-transformacion-digital-02-ok-scaled-e1661455780348-1024x432.jpg 1024w, https:\/\/encuentro-tic.anuies.mx\/ctrl-content\/uploads\/sites\/8\/2022\/08\/conferencia-transformacion-digital-02-ok-scaled-e1661455780348-1536x649.jpg 1536w, https:\/\/encuentro-tic.anuies.mx\/ctrl-content\/uploads\/sites\/8\/2022\/08\/conferencia-transformacion-digital-02-ok-scaled-e1661455780348-2048x865.jpg 2048w, https:\/\/encuentro-tic.anuies.mx\/ctrl-content\/uploads\/sites\/8\/2022\/08\/conferencia-transformacion-digital-02-ok-scaled-e1661455780348-920x388.jpg 920w, https:\/\/encuentro-tic.anuies.mx\/ctrl-content\/uploads\/sites\/8\/2022\/08\/conferencia-transformacion-digital-02-ok-scaled-e1661455780348-230x97.jpg 230w, https:\/\/encuentro-tic.anuies.mx\/ctrl-content\/uploads\/sites\/8\/2022\/08\/conferencia-transformacion-digital-02-ok-scaled-e1661455780348-350x148.jpg 350w, https:\/\/encuentro-tic.anuies.mx\/ctrl-content\/uploads\/sites\/8\/2022\/08\/conferencia-transformacion-digital-02-ok-scaled-e1661455780348-480x203.jpg 480w, https:\/\/encuentro-tic.anuies.mx\/ctrl-content\/uploads\/sites\/8\/2022\/08\/conferencia-transformacion-digital-02-ok-scaled-e1661455780348-768x324.jpg 768w\" sizes=\"auto, (max-width: 2560px) 100vw, 2560px\" \/><\/p>\n<h3 style=\"text-align: justify;\">Acerca de la conferencia<\/h3>\n<p style=\"text-align: justify;\">El desarrollo acelerado del conocimiento y las demandas cambiantes del e-aprendizaje pusieron a las organizaciones educativas ante<br \/>\nm\u00faltiples desaf\u00edos. Las competencias del siglo XXI promueven la competitividad y las capacidades de innovaci\u00f3n de la organizaci\u00f3n que son cruciales para su sostenibilidad y desarrollo.<br \/>\nSumado a crisis que ha provocado la Pandemia COVID 19, las instituciones de Educaci\u00f3n Superior enfrentan una situaci\u00f3n pol\u00edtica inestable y econ\u00f3mica cr\u00edtica, y a pesar pesar de esta situaci\u00f3n, han estado haciendo grandes esfuerzos para seguir las tendencias de modernizaci\u00f3n, incorporando los avances en las ciencias de aprendizaje, integrando las tecnolog\u00edas de \u00faltima generaci\u00f3n y est\u00e1n colocando en su horizonte la transformaci\u00f3n hacia una universidad inteligente.<\/p>\n<p>El objetivo de esta conferencia es compartir ideas, enfoques y resultados de investigaci\u00f3n sobre la transformaci\u00f3n digital (inteligente) de las organizaciones educativas haciendo \u00e9nfasis en las instituciones de educaci\u00f3n superior (IES), puntualizando que este proceso de transformaci\u00f3n comienza con las personas que son el elemento clave para llevarla a cabo, y contribuir con ello a aumentar la competitividad y capacidad de innovaci\u00f3n.<br \/>\nSensibilizarnos a que el desaf\u00edo de &nbsp;la transformaci\u00f3n digital implica el evaluar de manera cr\u00edtica y continua como cumplimos con las<br \/>\nfunciones sustantivas que como instancias educativas asumimos en esta sociedad de la era digital, por lo que tenemos que prepararnos juntos para colaborar y definir el rumbo al dise\u00f1ar el el futuro digital de nuestra universidades.<\/p>\n<h3><strong>Conferenciante: <\/strong><strong><span style=\"color: #800000;\"><b>Dra. Lourdes Galeana de la O.<\/b><\/span><\/strong><\/h3>\n<h4><img loading=\"lazy\" decoding=\"async\" class=\"wp-image-6292 alignleft\" src=\"https:\/\/encuentro-tic.anuies.mx\/ctrl-content\/uploads\/2022\/08\/lourdes-galeana-23.png\" alt=\"\" width=\"250\" height=\"250\" srcset=\"https:\/\/encuentro-tic.anuies.mx\/ctrl-content\/uploads\/sites\/8\/2022\/08\/lourdes-galeana-23.png 2015w, https:\/\/encuentro-tic.anuies.mx\/ctrl-content\/uploads\/sites\/8\/2022\/08\/lourdes-galeana-23-300x300.png 300w, https:\/\/encuentro-tic.anuies.mx\/ctrl-content\/uploads\/sites\/8\/2022\/08\/lourdes-galeana-23-1024x1024.png 1024w, https:\/\/encuentro-tic.anuies.mx\/ctrl-content\/uploads\/sites\/8\/2022\/08\/lourdes-galeana-23-150x150.png 150w, https:\/\/encuentro-tic.anuies.mx\/ctrl-content\/uploads\/sites\/8\/2022\/08\/lourdes-galeana-23-1536x1536.png 1536w, https:\/\/encuentro-tic.anuies.mx\/ctrl-content\/uploads\/sites\/8\/2022\/08\/lourdes-galeana-23-920x920.png 920w, https:\/\/encuentro-tic.anuies.mx\/ctrl-content\/uploads\/sites\/8\/2022\/08\/lourdes-galeana-23-230x230.png 230w, https:\/\/encuentro-tic.anuies.mx\/ctrl-content\/uploads\/sites\/8\/2022\/08\/lourdes-galeana-23-350x350.png 350w, https:\/\/encuentro-tic.anuies.mx\/ctrl-content\/uploads\/sites\/8\/2022\/08\/lourdes-galeana-23-480x480.png 480w\" sizes=\"auto, (max-width: 250px) 100vw, 250px\" \/><\/h4>\n<h4><strong>Coordinadora General&nbsp;del Sistema Nacional de Educaci\u00f3n a Distancia A.C. (SINED).<\/strong><\/h4>\n<p style=\"text-align: justify;\"><span style=\"font-weight: 400;\">La relaci\u00f3n con las Tecnolog\u00edas de Informaci\u00f3n y Comunicaci\u00f3n aplicadas a la Educaci\u00f3n de la Dra. Galeana&nbsp; en el \u00e1mbito de la docencia, investigaci\u00f3n, gesti\u00f3n surgen precisamente en la Universidad de Colima al desempe\u00f1ar responsabilidades en diversas \u00e1reas universitarias que le aportan un amplio conocimiento de la organizaci\u00f3n y funci\u00f3n universitaria.&nbsp;<\/span><\/p>\n<p style=\"text-align: justify;\"><span style=\"font-weight: 400;\">En el af\u00e1n por el aprendizaje de las disciplinas que estaban bajo su responsabilidad, y que por su complejidad requer\u00edan de una compresi\u00f3n&nbsp; integral para su aplicaci\u00f3n en los abordajes cl\u00ednicos de la profesi\u00f3n&nbsp; m\u00e9dica,&nbsp; es aqu\u00ed donde se inicia la historia de un docente, que como tantos en nuestro pa\u00eds buscar en las tecnolog\u00edas digitales apoyar el aprendizaje de sus alumnos. donde los alumnos, expertos en sistemas y la docente organizan un aula con computadoras conectadas en red a un mismo Cd compacto para posibilitar el acceso a los contenidos 1997, Tecnol\u00f3gica posteriormente se incorpora internet dando acceso a los estudiante al contenido en la Web,&nbsp; Este esfuerzo cristaliza con la creaci\u00f3n&nbsp; del Centro Interactivo Multimedia, concepto&nbsp; desconocido para entonces, y que por los resultado obtenidos&nbsp; da&nbsp; origen a la instalaci\u00f3n de la primera red universitaria de CIAMs: Esta iniciativa se convirti\u00f3 en un movimiento innovador de la TIC aplicadas a la educaci\u00f3n que da origen a la creaci\u00f3n del Centro&nbsp; de producci\u00f3n de Medios did\u00e1ctico, el primer laboratorios de Realidad Virtual en Am\u00e9rica Latina, la red universitaria de videoconferencias, el&nbsp; laboratorio de habilidades c\u00ednicas dotado&nbsp; de simuladores de avanzada para apoyar el aprendizaje basado en problemas, el primer LMS en M\u00e9xico \u201cEDUC&nbsp; y la plataforma para la evaluaci\u00f3n en l\u00ednea PRAXIS<\/span><\/p>\n<p style=\"text-align: justify;\"><span style=\"font-weight: 400;\">Ha sido autora de 87 Cd. Multimedia educativos, de 100 Objetos de Aprendizaje, dise\u00f1o de cursos de Capacitaci\u00f3n Sobre Desarrollo de Aplicaciones Multimedia Educativa a la Universidad Aut\u00f3noma de Chihuahua, as\u00ed como a la Universidad de Montevideo, Uruguay. cap\u00edtulo de \u201cUso de las tecnolog\u00edas de Informaci\u00f3n en la Educaci\u00f3n\u201d, del libro de Innovaci\u00f3n Superior &nbsp; editado por ANUIES en 2005, cap\u00edtulos de \u201c\u00bfC\u00f3mo aprendemos\u201d y \u201cArquitectura de un Objeto de Aprendizaje\u201d del libro \u201cObjetos de Aprendizaje\u201d editado por la Editorial Trillas en julio 2006 libro, las historietas: Triatl\u00f3n del Conocimiento, Web 2.0, el volc\u00e1n de Fuego.&nbsp;<\/span><\/p>\n<p style=\"text-align: justify;\"><span style=\"font-weight: 400;\">Co-autora de los simuladores (Desarrollo de competencias para la intervenci\u00f3n social Comunitaria (El Encanto y la Malquerida), Rovert curiosity para incursi\u00f3n en planeta Marte, Viaje a la c\u00e9lula eucarionte, Arquitectura biol\u00f3gica de la mano humana, Pares craneales, entre otros).<\/span><\/p>\n<p style=\"text-align: justify;\"><span style=\"font-weight: 400;\">Entre sus responsabilidades destacan:<\/span><\/p>\n<ul style=\"text-align: justify;\">\n<li style=\"font-weight: 400;\" aria-level=\"1\"><span style=\"font-weight: 400;\">Coordinadora de la Red de Educaci\u00f3n Abierta y a Distancia de la Regi\u00f3n Centro Occidente de la ANUIES de M\u00e9xico.&nbsp;<\/span><\/li>\n<li style=\"font-weight: 400;\" aria-level=\"1\"><span style=\"font-weight: 400;\">Primera Coordinadora General del Sistema Nacional de Educaci\u00f3n (SINED)<\/span><\/li>\n<li style=\"font-weight: 400;\" aria-level=\"1\"><span style=\"font-weight: 400;\">Miembro del Consejo t\u00e9cnico para el dise\u00f1o de la prueba COMTIC para evaluar las competencias en el uso de las tecnolog\u00edas de Informaci\u00f3n y Comunicaci\u00f3n.<\/span><\/li>\n<li style=\"font-weight: 400;\" aria-level=\"1\"><span style=\"font-weight: 400;\">Miembro del Comit\u00e9 Nacional para la Conformaci\u00f3n de los Sistemas Estatales de Educaci\u00f3n a Distancia.<\/span><\/li>\n<li style=\"font-weight: 400;\" aria-level=\"1\"><span style=\"font-weight: 400;\">Representante de las universidades p\u00fablicas del pa\u00eds en el Seminario internacional para establecer los lineamientos e indicadores para la Educaci\u00f3n Abierta y a Distancia, organizados por Organizaci\u00f3n de Estados Interamericanos (OEI).<\/span><\/li>\n<li style=\"font-weight: 400;\" aria-level=\"1\"><span style=\"font-weight: 400;\">Asesora para el dise\u00f1o e implementaci\u00f3n de sistemas de gesti\u00f3n de in formaci\u00f3n y procesos en l\u00ednea para el Sistema Nacional de Educaci\u00f3n a distancia (SINED)<\/span><\/li>\n<li style=\"font-weight: 400;\" aria-level=\"1\"><span style=\"font-weight: 400;\">La Procuradur\u00eda Federal del Consumidor (PROFECO), El Instituto Mexicano del Seguro Social (IMSS),<\/span><\/li>\n<li style=\"font-weight: 400;\" aria-level=\"1\"><span style=\"font-weight: 400;\">Coordinadora General de la Instancia Operadora del Estado de Colima del Proyecto M\u00e9xico Conectado.<\/span><\/li>\n<li style=\"font-weight: 400;\" aria-level=\"1\"><span style=\"font-weight: 400;\">Participante grupo l\u00edder de Tecnolog\u00edas aceleradas para la Innovaci\u00f3n educativa de la Plataforma Mexicana<\/span><\/li>\n<li style=\"font-weight: 400;\" aria-level=\"1\"><span style=\"font-weight: 400;\">Coordinadora General de Tecnolog\u00edas de Informaci\u00f3n de la Universidad de Colima (U de C),&nbsp;<\/span><\/li>\n<li style=\"font-weight: 400;\" aria-level=\"1\"><span style=\"font-weight: 400;\">Coordinadora de la C\u00e1tedra Nuevas Tecnolog\u00edas por parte de UNESCO&nbsp; 2013-2021&nbsp;<\/span><\/li>\n<li style=\"font-weight: 400;\" aria-level=\"1\"><span style=\"font-weight: 400;\">Coordinadora del proyecto&nbsp; de Comunidades Digitales de Aprendizaje financiado por el gobierno mecicano y el gobierno franc\u00e9s.<\/span><\/li>\n<li style=\"font-weight: 400;\" aria-level=\"1\"><span style=\"font-weight: 400;\">Integrante del equipo para desarrollar el proyecto <\/span><i><span style=\"font-weight: 400;\">Students4Change&nbsp; financiado por Erasmus Plus.<\/span><\/i>\n<ul>\n<li style=\"list-style-type: none;\">&nbsp;<\/li>\n<\/ul>\n<p><span style=\"font-weight: 400;\">Es en estos \u00faltimos proyectos donde se relaciona con las tendencias para la transformaci\u00f3n digital de las organizaciones educativas.<\/span><\/p>\n<\/li>\n<\/ul>\n<p style=\"text-align: justify;\">&nbsp;<\/p>\n<p style=\"text-align: center;\"><a class=\"fasc-button fasc-size-large fasc-type-flat fasc-rounded-medium fasc-ico-before dashicons-undo\" style=\"background-color: #1d2b75; color: #ffffff;\" href=\"https:\/\/encuentro-tic.anuies.mx\/programa2022\/\">Regresar al programa<\/a><\/p>\n<p style=\"text-align: center;\"><a class=\"fasc-button fasc-size-large fasc-type-flat fasc-rounded-medium fasc-ico-before dashicons-admin-site\" style=\"background-color: #a18427; color: #ffffff;\" target=\"_blank\" rel=\"noopener\" href=\"https:\/\/registro-tic.anuies.mx\/\">Reg\u00edstrate aqu\u00ed<\/a><\/p>\n<\/div>\n<\/div><\/div><\/div><\/div><\/div><\/div><\/div>","protected":false},"excerpt":{"rendered":"<p>Acerca de la conferencia El desarrollo acelerado del conocimiento y las demandas cambiantes del e-aprendizaje pusieron a las organizaciones educativas ante m\u00faltiples [&hellip;]<\/p>\n","protected":false},"author":1,"featured_media":6608,"comment_status":"closed","ping_status":"closed","sticky":false,"template":"post-templates\/post_full.php","format":"standard","meta":{"_exactmetrics_skip_tracking":false,"_exactmetrics_sitenote_active":false,"_exactmetrics_sitenote_note":"","_exactmetrics_sitenote_category":0,"ngg_post_thumbnail":0,"footnotes":""},"categories":[1],"tags":[],"class_list":["post-6283","post","type-post","status-publish","format-standard","has-post-thumbnail","hentry","category-conferencias"],"rttpg_featured_image_url":{"full":["https:\/\/encuentro-tic.anuies.mx\/ctrl-content\/uploads\/sites\/8\/2022\/08\/conferencia-transformacion-digital_Mesa-de-trabajo-1-scaled.jpg",2560,2560,false],"landscape":["https:\/\/encuentro-tic.anuies.mx\/ctrl-content\/uploads\/sites\/8\/2022\/08\/conferencia-transformacion-digital_Mesa-de-trabajo-1-scaled.jpg",2560,2560,false],"portraits":["https:\/\/encuentro-tic.anuies.mx\/ctrl-content\/uploads\/sites\/8\/2022\/08\/conferencia-transformacion-digital_Mesa-de-trabajo-1-scaled.jpg",2560,2560,false],"thumbnail":["https:\/\/encuentro-tic.anuies.mx\/ctrl-content\/uploads\/sites\/8\/2022\/08\/conferencia-transformacion-digital_Mesa-de-trabajo-1-150x150.jpg",150,150,true],"medium":["https:\/\/encuentro-tic.anuies.mx\/ctrl-content\/uploads\/sites\/8\/2022\/08\/conferencia-transformacion-digital_Mesa-de-trabajo-1-300x300.jpg",300,300,true],"large":["https:\/\/encuentro-tic.anuies.mx\/ctrl-content\/uploads\/sites\/8\/2022\/08\/conferencia-transformacion-digital_Mesa-de-trabajo-1-1024x1024.jpg",1024,1024,true],"post-slider-thumb-size":["https:\/\/encuentro-tic.anuies.mx\/ctrl-content\/uploads\/sites\/8\/2022\/08\/conferencia-transformacion-digital_Mesa-de-trabajo-1-330x190.jpg",330,190,true],"1536x1536":["https:\/\/encuentro-tic.anuies.mx\/ctrl-content\/uploads\/sites\/8\/2022\/08\/conferencia-transformacion-digital_Mesa-de-trabajo-1-1536x1536.jpg",1536,1536,true],"2048x2048":["https:\/\/encuentro-tic.anuies.mx\/ctrl-content\/uploads\/sites\/8\/2022\/08\/conferencia-transformacion-digital_Mesa-de-trabajo-1-2048x2048.jpg",2048,2048,true],"sydney-large-thumb":["https:\/\/encuentro-tic.anuies.mx\/ctrl-content\/uploads\/sites\/8\/2022\/08\/conferencia-transformacion-digital_Mesa-de-trabajo-1-920x920.jpg",920,920,true],"sydney-medium-thumb":["https:\/\/encuentro-tic.anuies.mx\/ctrl-content\/uploads\/sites\/8\/2022\/08\/conferencia-transformacion-digital_Mesa-de-trabajo-1-550x400.jpg",550,400,true],"sydney-small-thumb":["https:\/\/encuentro-tic.anuies.mx\/ctrl-content\/uploads\/sites\/8\/2022\/08\/conferencia-transformacion-digital_Mesa-de-trabajo-1-230x230.jpg",230,230,true],"sydney-service-thumb":["https:\/\/encuentro-tic.anuies.mx\/ctrl-content\/uploads\/sites\/8\/2022\/08\/conferencia-transformacion-digital_Mesa-de-trabajo-1-350x350.jpg",350,350,true],"sydney-mas-thumb":["https:\/\/encuentro-tic.anuies.mx\/ctrl-content\/uploads\/sites\/8\/2022\/08\/conferencia-transformacion-digital_Mesa-de-trabajo-1-480x480.jpg",480,480,true],"sow-carousel-default":["https:\/\/encuentro-tic.anuies.mx\/ctrl-content\/uploads\/sites\/8\/2022\/08\/conferencia-transformacion-digital_Mesa-de-trabajo-1-272x182.jpg",272,182,true]},"rttpg_author":{"display_name":"ctrlweb","author_link":"https:\/\/encuentro-tic.anuies.mx\/2022\/author\/ctrlweb\/"},"rttpg_comment":0,"rttpg_category":"<a href=\"https:\/\/encuentro-tic.anuies.mx\/2022\/category\/conferencias\/\" rel=\"category tag\">Conferencias<\/a>","rttpg_excerpt":"Acerca de la conferencia El desarrollo acelerado del conocimiento y las demandas cambiantes del e-aprendizaje pusieron a las organizaciones educativas ante m\u00faltiples [&hellip;]","_links":{"self":[{"href":"https:\/\/encuentro-tic.anuies.mx\/2022\/wp-json\/wp\/v2\/posts\/6283","targetHints":{"allow":["GET"]}}],"collection":[{"href":"https:\/\/encuentro-tic.anuies.mx\/2022\/wp-json\/wp\/v2\/posts"}],"about":[{"href":"https:\/\/encuentro-tic.anuies.mx\/2022\/wp-json\/wp\/v2\/types\/post"}],"author":[{"embeddable":true,"href":"https:\/\/encuentro-tic.anuies.mx\/2022\/wp-json\/wp\/v2\/users\/1"}],"replies":[{"embeddable":true,"href":"https:\/\/encuentro-tic.anuies.mx\/2022\/wp-json\/wp\/v2\/comments?post=6283"}],"version-history":[{"count":7,"href":"https:\/\/encuentro-tic.anuies.mx\/2022\/wp-json\/wp\/v2\/posts\/6283\/revisions"}],"predecessor-version":[{"id":6610,"href":"https:\/\/encuentro-tic.anuies.mx\/2022\/wp-json\/wp\/v2\/posts\/6283\/revisions\/6610"}],"wp:featuredmedia":[{"embeddable":true,"href":"https:\/\/encuentro-tic.anuies.mx\/2022\/wp-json\/wp\/v2\/media\/6608"}],"wp:attachment":[{"href":"https:\/\/encuentro-tic.anuies.mx\/2022\/wp-json\/wp\/v2\/media?parent=6283"}],"wp:term":[{"taxonomy":"category","embeddable":true,"href":"https:\/\/encuentro-tic.anuies.mx\/2022\/wp-json\/wp\/v2\/categories?post=6283"},{"taxonomy":"post_tag","embeddable":true,"href":"https:\/\/encuentro-tic.anuies.mx\/2022\/wp-json\/wp\/v2\/tags?post=6283"}],"curies":[{"name":"wp","href":"https:\/\/api.w.org\/{rel}","templated":true}]}}