{"id":6037,"date":"2022-08-08T15:02:38","date_gmt":"2022-08-08T20:02:38","guid":{"rendered":"https:\/\/encuentro-tic.anuies.mx\/2022\/?p=6037"},"modified":"2022-08-30T10:06:09","modified_gmt":"2022-08-30T15:06:09","slug":"conferencia-virtual-estudio-de-educacion-en-linea-en-mexico-2022","status":"publish","type":"post","link":"https:\/\/encuentro-tic.anuies.mx\/2022\/conferencia-virtual-estudio-de-educacion-en-linea-en-mexico-2022\/","title":{"rendered":"Conferencia virtual &#8220;Estudio de Educaci\u00f3n en l\u00ednea en M\u00e9xico 2022&#8221;"},"content":{"rendered":"<div id=\"pl-6037\"  class=\"panel-layout\" ><div id=\"pg-6037-0\"  class=\"panel-grid panel-has-style\" ><div style=\"padding: 0px 0; \" data-overlay=\"true\" data-overlay-color=\"#000000\" class=\"panel-row-style panel-row-style-for-6037-0\" ><div id=\"pgc-6037-0-0\"  class=\"panel-grid-cell\" ><div id=\"panel-6037-0-0-0\" class=\"so-panel widget widget_sow-editor panel-first-child panel-last-child\" data-index=\"0\" ><div style=\"text-align: left;\" data-title-color=\"#443f3f\" data-headings-color=\"#443f3f\" class=\"panel-widget-style panel-widget-style-for-6037-0-0-0\" ><div\n\t\t\t\n\t\t\tclass=\"so-widget-sow-editor so-widget-sow-editor-base\"\n\t\t\t\n\t\t><h3 class=\"widget-title\">Conferencia virtual \"Estudio de Educaci\u00f3n en l\u00ednea en M\u00e9xico 2022\"<\/h3>\n<div class=\"siteorigin-widget-tinymce textwidget\">\n\t<p><img loading=\"lazy\" decoding=\"async\" class=\"aligncenter size-full wp-image-6047\" src=\"https:\/\/encuentro-tic.anuies.mx\/ctrl-content\/uploads\/2022\/08\/conferencia-educacion-linea-02-scaled-e1659973974952.jpg\" alt=\"\" width=\"2560\" height=\"1081\" srcset=\"https:\/\/encuentro-tic.anuies.mx\/ctrl-content\/uploads\/sites\/8\/2022\/08\/conferencia-educacion-linea-02-scaled-e1659973974952.jpg 2560w, https:\/\/encuentro-tic.anuies.mx\/ctrl-content\/uploads\/sites\/8\/2022\/08\/conferencia-educacion-linea-02-scaled-e1659973974952-300x127.jpg 300w, https:\/\/encuentro-tic.anuies.mx\/ctrl-content\/uploads\/sites\/8\/2022\/08\/conferencia-educacion-linea-02-scaled-e1659973974952-1024x432.jpg 1024w, https:\/\/encuentro-tic.anuies.mx\/ctrl-content\/uploads\/sites\/8\/2022\/08\/conferencia-educacion-linea-02-scaled-e1659973974952-1536x649.jpg 1536w, https:\/\/encuentro-tic.anuies.mx\/ctrl-content\/uploads\/sites\/8\/2022\/08\/conferencia-educacion-linea-02-scaled-e1659973974952-2048x865.jpg 2048w, https:\/\/encuentro-tic.anuies.mx\/ctrl-content\/uploads\/sites\/8\/2022\/08\/conferencia-educacion-linea-02-scaled-e1659973974952-920x388.jpg 920w, https:\/\/encuentro-tic.anuies.mx\/ctrl-content\/uploads\/sites\/8\/2022\/08\/conferencia-educacion-linea-02-scaled-e1659973974952-230x97.jpg 230w, https:\/\/encuentro-tic.anuies.mx\/ctrl-content\/uploads\/sites\/8\/2022\/08\/conferencia-educacion-linea-02-scaled-e1659973974952-350x148.jpg 350w, https:\/\/encuentro-tic.anuies.mx\/ctrl-content\/uploads\/sites\/8\/2022\/08\/conferencia-educacion-linea-02-scaled-e1659973974952-480x203.jpg 480w, https:\/\/encuentro-tic.anuies.mx\/ctrl-content\/uploads\/sites\/8\/2022\/08\/conferencia-educacion-linea-02-scaled-e1659973974952-768x324.jpg 768w\" sizes=\"auto, (max-width: 2560px) 100vw, 2560px\" \/><\/p>\n<h3>Acerca de la conferencia<\/h3>\n<p style=\"text-align: justify;\"><span style=\"font-weight: 400;\">La educaci\u00f3n en l\u00ednea se ha ido adaptando a las necesidades de la sociedad, conocer la percepci\u00f3n, los h\u00e1bitos de estudio, las necesidades, nos ayudar\u00e1 a analizar las modalidades de educaci\u00f3n mixta y presencial y tener una mejor visi\u00f3n de lo que en realidad est\u00e1 sucediendo con la educaci\u00f3n en M\u00e9xico.<\/span><\/p>\n<p style=\"text-align: justify;\"><span style=\"font-weight: 400;\">El estudio de la Educaci\u00f3n en L\u00ednea en M\u00e9xico tiene como objetivo Conocer h\u00e1bitos, necesidades, motivaciones y obst\u00e1culos a los que se enfrentan los internautas mexicanos para continuar con su preparaci\u00f3n acad\u00e9mica.<\/span><\/p>\n<p style=\"text-align: justify;\"><span style=\"font-weight: 400;\">El objetivo de esta conferencia es conocer la percepci\u00f3n y opiniones de los internautas con la educaci\u00f3n en l\u00ednea y c\u00f3mo cambi\u00f3 la educaci\u00f3n a ra\u00edz de la pandemia. Analizar modalidades mixta y presencial, con el fin de conocer la percepci\u00f3n de los internautas mexicanos vs la modalidad en l\u00ednea. En esta sesi\u00f3n se dar\u00e1n a conocer los resultados m\u00e1s sobresalientes de este nuevo estudio 2022.<\/span><\/p>\n<h3>Fecha: <span style=\"color: #800000;\">lunes 24 de octubre de 2022<\/span> Hora: <span style=\"color: #800000;\">11:50 - 12:50 h (CDMX)<\/span><\/h3>\n<h3><strong>Conferenciantes<b><\/b><\/strong><\/h3>\n<table style=\"border-collapse: collapse; width: 100%;\" border=\"1\">\n<tbody>\n<tr>\n<td style=\"width: 50%;\">\n<h3 style=\"text-align: center;\"><span style=\"color: #800000;\"><b>Lic. Fabiola Pe\u00f1a Ahumada<\/b><\/span><\/h3>\n<h3><strong><span style=\"color: #800000;\"><b><img loading=\"lazy\" decoding=\"async\" class=\"wp-image-6090 aligncenter\" src=\"https:\/\/encuentro-tic.anuies.mx\/ctrl-content\/uploads\/2022\/08\/fabiola-pena-04.png\" alt=\"\" width=\"250\" height=\"250\" srcset=\"https:\/\/encuentro-tic.anuies.mx\/ctrl-content\/uploads\/sites\/8\/2022\/08\/fabiola-pena-04.png 2015w, https:\/\/encuentro-tic.anuies.mx\/ctrl-content\/uploads\/sites\/8\/2022\/08\/fabiola-pena-04-300x300.png 300w, https:\/\/encuentro-tic.anuies.mx\/ctrl-content\/uploads\/sites\/8\/2022\/08\/fabiola-pena-04-1024x1024.png 1024w, https:\/\/encuentro-tic.anuies.mx\/ctrl-content\/uploads\/sites\/8\/2022\/08\/fabiola-pena-04-150x150.png 150w, https:\/\/encuentro-tic.anuies.mx\/ctrl-content\/uploads\/sites\/8\/2022\/08\/fabiola-pena-04-1536x1536.png 1536w, https:\/\/encuentro-tic.anuies.mx\/ctrl-content\/uploads\/sites\/8\/2022\/08\/fabiola-pena-04-920x920.png 920w, https:\/\/encuentro-tic.anuies.mx\/ctrl-content\/uploads\/sites\/8\/2022\/08\/fabiola-pena-04-230x230.png 230w, https:\/\/encuentro-tic.anuies.mx\/ctrl-content\/uploads\/sites\/8\/2022\/08\/fabiola-pena-04-350x350.png 350w, https:\/\/encuentro-tic.anuies.mx\/ctrl-content\/uploads\/sites\/8\/2022\/08\/fabiola-pena-04-480x480.png 480w\" sizes=\"auto, (max-width: 250px) 100vw, 250px\" \/><\/b><\/span><\/strong><\/h3>\n<h4 style=\"text-align: justify; padding-left: 80px;\"><strong>Gerente de Asuntos P\u00fablicos Digitales para NIC M\u00e9xico \/ Vicepresidenta de Educaci\u00f3n y Cultura de la Asociaci\u00f3n de Internet Mx.<\/strong><\/h4>\n<p style=\"text-align: justify; padding-left: 80px;\"><span style=\"font-weight: 400;\">Licenciada en Derecho por la Universidad Aut\u00f3noma de Quer\u00e9taro. Se ha desarrollado en los sectores de telecomunicaciones y radiodifusi\u00f3n, como consultora y l\u00edder de proyectos. En 2016 form\u00f3 parte del Instituto Federal de Telecomunicaciones. Fue nombrada Defensora de las Audiencias de Radio IPN para el a\u00f1o 2020, fue integrante del V Consejo Consultivo del Instituto Federal de Telecomunicaciones. Actualmente se desempe\u00f1a como Gerente de Asuntos P\u00fablicos Digitales para NIC M\u00e9xico. Vicepresidenta de Educaci\u00f3n y Cultura de la Asociaci\u00f3n de Internet durante los a\u00f1os 2020 y 2021. Es adem\u00e1s integrante del del Comit\u00e9 Directivo de la Asociaci\u00f3n Mexicana del Derecho a la Informaci\u00f3n y Consejera honoraria del Consejo Consultivo del Canal del Congreso para el periodo 2019-2022. Es columnista invitada en el medio electr\u00f3nico \u201cLa Silla Rota\u201d.<\/span><\/p>\n<p>&nbsp;<\/p>\n<p>&nbsp;<\/p>\n<\/td>\n<td style=\"width: 50%;\">\n<h3 style=\"text-align: center;\"><span style=\"color: #800000;\"><b>Lic. Sergio Porragas Moreno<\/b><\/span><\/h3>\n<h3 style=\"text-align: center; padding-left: 40px;\"><strong><span style=\"color: #800000;\"><b><img loading=\"lazy\" decoding=\"async\" class=\"wp-image-6091 aligncenter\" src=\"https:\/\/encuentro-tic.anuies.mx\/ctrl-content\/uploads\/2022\/08\/sergio-porrogas-03.png\" alt=\"\" width=\"250\" height=\"250\" srcset=\"https:\/\/encuentro-tic.anuies.mx\/ctrl-content\/uploads\/sites\/8\/2022\/08\/sergio-porrogas-03.png 2015w, https:\/\/encuentro-tic.anuies.mx\/ctrl-content\/uploads\/sites\/8\/2022\/08\/sergio-porrogas-03-300x300.png 300w, https:\/\/encuentro-tic.anuies.mx\/ctrl-content\/uploads\/sites\/8\/2022\/08\/sergio-porrogas-03-1024x1024.png 1024w, https:\/\/encuentro-tic.anuies.mx\/ctrl-content\/uploads\/sites\/8\/2022\/08\/sergio-porrogas-03-150x150.png 150w, https:\/\/encuentro-tic.anuies.mx\/ctrl-content\/uploads\/sites\/8\/2022\/08\/sergio-porrogas-03-1536x1536.png 1536w, https:\/\/encuentro-tic.anuies.mx\/ctrl-content\/uploads\/sites\/8\/2022\/08\/sergio-porrogas-03-920x920.png 920w, https:\/\/encuentro-tic.anuies.mx\/ctrl-content\/uploads\/sites\/8\/2022\/08\/sergio-porrogas-03-230x230.png 230w, https:\/\/encuentro-tic.anuies.mx\/ctrl-content\/uploads\/sites\/8\/2022\/08\/sergio-porrogas-03-350x350.png 350w, https:\/\/encuentro-tic.anuies.mx\/ctrl-content\/uploads\/sites\/8\/2022\/08\/sergio-porrogas-03-480x480.png 480w\" sizes=\"auto, (max-width: 250px) 100vw, 250px\" \/><\/b><\/span><\/strong><\/h3>\n<h4 style=\"text-align: justify; padding-left: 80px;\">Vicepresidente de Capital Humano de la Asociaci\u00f3n de Internet MX \/ Director de Operaciones (COO) de OCCMundial, el Centro de Carrera Profesional en l\u00ednea.<\/h4>\n<p style=\"text-align: justify; padding-left: 80px;\"><span style=\"font-weight: 400;\">Licenciado en Administraci\u00f3n de Empresas con especialidad en Finanzas por la Universidad Nuevo Mundo. Director de Operaciones (COO) de OCCMundial, el Centro de Carrera Profesional en l\u00ednea, ha impulsado el crecimiento anual de la compa\u00f1\u00eda, la apertura de oficinas comerciales en 13 estados del pa\u00eds y la penetraci\u00f3n del proceso de reclutamiento en las Peque\u00f1as y Medianas Empresas. Fue Director Comercial y Director de Finanzas de la compa\u00f1\u00eda y bajo su direcci\u00f3n en 2011 se lanz\u00f3 OCCEducaci\u00f3n, unidad de negocio que ofrece opciones educativas de todos los niveles y especialidades. Actualmente es Vicepresidente de Capital Humano de la Asociaci\u00f3n de Internet MX. Y Consejero Acad\u00e9mico Institucional de la Universidad Tecnol\u00f3gica Latinoamericana en L\u00ednea, UTEL.<\/span><\/p>\n<p>&nbsp;<\/p>\n<p>&nbsp;<\/p>\n<\/td>\n<\/tr>\n<\/tbody>\n<\/table>\n<p style=\"text-align: center;\"><a class=\"fasc-button fasc-size-large fasc-type-flat fasc-rounded-medium fasc-ico-before dashicons-undo\" style=\"background-color: #1d2b75; color: #ffffff;\" href=\"https:\/\/encuentro-tic.anuies.mx\/programa2022\/\">Regresar al programa<\/a><\/p>\n<p style=\"text-align: center;\"><a class=\"fasc-button fasc-size-large fasc-type-flat fasc-rounded-medium fasc-ico-before dashicons-admin-site\" style=\"background-color: #a18427; color: #ffffff;\" target=\"_blank\" rel=\"noopener\" href=\"https:\/\/registro-tic.anuies.mx\/\">Reg\u00edstrate aqu\u00ed<\/a><\/p>\n<\/div>\n<\/div><\/div><\/div><\/div><\/div><\/div><\/div>","protected":false},"excerpt":{"rendered":"<p>Acerca de la conferencia La educaci\u00f3n en l\u00ednea se ha ido adaptando a las necesidades de la sociedad, conocer la percepci\u00f3n, los [&hellip;]<\/p>\n","protected":false},"author":1,"featured_media":6092,"comment_status":"closed","ping_status":"closed","sticky":false,"template":"post-templates\/post_full.php","format":"standard","meta":{"_exactmetrics_skip_tracking":false,"_exactmetrics_sitenote_active":false,"_exactmetrics_sitenote_note":"","_exactmetrics_sitenote_category":0,"ngg_post_thumbnail":0,"footnotes":""},"categories":[1],"tags":[],"class_list":["post-6037","post","type-post","status-publish","format-standard","has-post-thumbnail","hentry","category-conferencias"],"rttpg_featured_image_url":{"full":["https:\/\/encuentro-tic.anuies.mx\/ctrl-content\/uploads\/sites\/8\/2022\/08\/conferencia-educacion-linea_Mesa-de-trabajo-1-scaled-e1660073726163.jpg",2560,2310,false],"landscape":["https:\/\/encuentro-tic.anuies.mx\/ctrl-content\/uploads\/sites\/8\/2022\/08\/conferencia-educacion-linea_Mesa-de-trabajo-1-scaled-e1660073726163.jpg",2560,2310,false],"portraits":["https:\/\/encuentro-tic.anuies.mx\/ctrl-content\/uploads\/sites\/8\/2022\/08\/conferencia-educacion-linea_Mesa-de-trabajo-1-scaled-e1660073726163.jpg",2560,2310,false],"thumbnail":["https:\/\/encuentro-tic.anuies.mx\/ctrl-content\/uploads\/sites\/8\/2022\/08\/conferencia-educacion-linea_Mesa-de-trabajo-1-scaled-e1660073726163-150x150.jpg",150,150,true],"medium":["https:\/\/encuentro-tic.anuies.mx\/ctrl-content\/uploads\/sites\/8\/2022\/08\/conferencia-educacion-linea_Mesa-de-trabajo-1-scaled-e1660073726163-300x271.jpg",300,271,true],"large":["https:\/\/encuentro-tic.anuies.mx\/ctrl-content\/uploads\/sites\/8\/2022\/08\/conferencia-educacion-linea_Mesa-de-trabajo-1-scaled-e1660073726163-1024x924.jpg",1024,924,true],"post-slider-thumb-size":["https:\/\/encuentro-tic.anuies.mx\/ctrl-content\/uploads\/sites\/8\/2022\/08\/conferencia-educacion-linea_Mesa-de-trabajo-1-scaled-e1660073726163-330x190.jpg",330,190,true],"1536x1536":["https:\/\/encuentro-tic.anuies.mx\/ctrl-content\/uploads\/sites\/8\/2022\/08\/conferencia-educacion-linea_Mesa-de-trabajo-1-scaled-e1660073726163-1536x1386.jpg",1536,1386,true],"2048x2048":["https:\/\/encuentro-tic.anuies.mx\/ctrl-content\/uploads\/sites\/8\/2022\/08\/conferencia-educacion-linea_Mesa-de-trabajo-1-scaled-e1660073726163-2048x1848.jpg",2048,1848,true],"sydney-large-thumb":["https:\/\/encuentro-tic.anuies.mx\/ctrl-content\/uploads\/sites\/8\/2022\/08\/conferencia-educacion-linea_Mesa-de-trabajo-1-scaled-e1660073726163-920x830.jpg",920,830,true],"sydney-medium-thumb":["https:\/\/encuentro-tic.anuies.mx\/ctrl-content\/uploads\/sites\/8\/2022\/08\/conferencia-educacion-linea_Mesa-de-trabajo-1-scaled-e1660073726163-550x400.jpg",550,400,true],"sydney-small-thumb":["https:\/\/encuentro-tic.anuies.mx\/ctrl-content\/uploads\/sites\/8\/2022\/08\/conferencia-educacion-linea_Mesa-de-trabajo-1-scaled-e1660073726163-230x208.jpg",230,208,true],"sydney-service-thumb":["https:\/\/encuentro-tic.anuies.mx\/ctrl-content\/uploads\/sites\/8\/2022\/08\/conferencia-educacion-linea_Mesa-de-trabajo-1-scaled-e1660073726163-350x316.jpg",350,316,true],"sydney-mas-thumb":["https:\/\/encuentro-tic.anuies.mx\/ctrl-content\/uploads\/sites\/8\/2022\/08\/conferencia-educacion-linea_Mesa-de-trabajo-1-scaled-e1660073726163-480x433.jpg",480,433,true],"sow-carousel-default":["https:\/\/encuentro-tic.anuies.mx\/ctrl-content\/uploads\/sites\/8\/2022\/08\/conferencia-educacion-linea_Mesa-de-trabajo-1-scaled-e1660073726163-272x182.jpg",272,182,true]},"rttpg_author":{"display_name":"ctrlweb","author_link":"https:\/\/encuentro-tic.anuies.mx\/2022\/author\/ctrlweb\/"},"rttpg_comment":0,"rttpg_category":"<a href=\"https:\/\/encuentro-tic.anuies.mx\/2022\/category\/conferencias\/\" rel=\"category tag\">Conferencias<\/a>","rttpg_excerpt":"Acerca de la conferencia La educaci\u00f3n en l\u00ednea se ha ido adaptando a las necesidades de la sociedad, conocer la percepci\u00f3n, los [&hellip;]","_links":{"self":[{"href":"https:\/\/encuentro-tic.anuies.mx\/2022\/wp-json\/wp\/v2\/posts\/6037","targetHints":{"allow":["GET"]}}],"collection":[{"href":"https:\/\/encuentro-tic.anuies.mx\/2022\/wp-json\/wp\/v2\/posts"}],"about":[{"href":"https:\/\/encuentro-tic.anuies.mx\/2022\/wp-json\/wp\/v2\/types\/post"}],"author":[{"embeddable":true,"href":"https:\/\/encuentro-tic.anuies.mx\/2022\/wp-json\/wp\/v2\/users\/1"}],"replies":[{"embeddable":true,"href":"https:\/\/encuentro-tic.anuies.mx\/2022\/wp-json\/wp\/v2\/comments?post=6037"}],"version-history":[{"count":7,"href":"https:\/\/encuentro-tic.anuies.mx\/2022\/wp-json\/wp\/v2\/posts\/6037\/revisions"}],"predecessor-version":[{"id":6664,"href":"https:\/\/encuentro-tic.anuies.mx\/2022\/wp-json\/wp\/v2\/posts\/6037\/revisions\/6664"}],"wp:featuredmedia":[{"embeddable":true,"href":"https:\/\/encuentro-tic.anuies.mx\/2022\/wp-json\/wp\/v2\/media\/6092"}],"wp:attachment":[{"href":"https:\/\/encuentro-tic.anuies.mx\/2022\/wp-json\/wp\/v2\/media?parent=6037"}],"wp:term":[{"taxonomy":"category","embeddable":true,"href":"https:\/\/encuentro-tic.anuies.mx\/2022\/wp-json\/wp\/v2\/categories?post=6037"},{"taxonomy":"post_tag","embeddable":true,"href":"https:\/\/encuentro-tic.anuies.mx\/2022\/wp-json\/wp\/v2\/tags?post=6037"}],"curies":[{"name":"wp","href":"https:\/\/api.w.org\/{rel}","templated":true}]}}