{"id":5943,"date":"2022-08-05T13:39:23","date_gmt":"2022-08-05T18:39:23","guid":{"rendered":"https:\/\/encuentro-tic.anuies.mx\/2022\/?p=5943"},"modified":"2022-10-14T12:44:33","modified_gmt":"2022-10-14T17:44:33","slug":"conferencia-virtual-estrategia-y-transformacion-de-las-universidades-un-enfoque-para-el-gobierno-universitario","status":"publish","type":"post","link":"https:\/\/encuentro-tic.anuies.mx\/2022\/conferencia-virtual-estrategia-y-transformacion-de-las-universidades-un-enfoque-para-el-gobierno-universitario\/","title":{"rendered":"Conferencia virtual &#8220;Estrategia y transformaci\u00f3n de las universidades: un enfoque para el gobierno universitario&#8221;"},"content":{"rendered":"<div id=\"pl-5943\"  class=\"panel-layout\" ><div id=\"pg-5943-0\"  class=\"panel-grid panel-has-style\" ><div style=\"padding: 0px 0; \" data-overlay=\"true\" data-overlay-color=\"#000000\" class=\"panel-row-style panel-row-style-for-5943-0\" ><div id=\"pgc-5943-0-0\"  class=\"panel-grid-cell\" ><div id=\"panel-5943-0-0-0\" class=\"so-panel widget widget_sow-editor panel-first-child panel-last-child\" data-index=\"0\" ><div style=\"text-align: left;\" data-title-color=\"#443f3f\" data-headings-color=\"#443f3f\" class=\"panel-widget-style panel-widget-style-for-5943-0-0-0\" ><div\n\t\t\t\n\t\t\tclass=\"so-widget-sow-editor so-widget-sow-editor-base\"\n\t\t\t\n\t\t><h3 class=\"widget-title\">Conferencia virtual \"Estrategia y transformaci\u00f3n de las universidades: un enfoque para el gobierno universitario\"<\/h3>\n<div class=\"siteorigin-widget-tinymce textwidget\">\n\t<p><img loading=\"lazy\" decoding=\"async\" class=\"aligncenter wp-image-7106 size-full\" src=\"https:\/\/encuentro-tic.anuies.mx\/ctrl-content\/uploads\/2022\/08\/CONFERENCIA-PLANTILLA-02-scaled-e1665769360681.jpg\" alt=\"\" width=\"2560\" height=\"1094\" srcset=\"https:\/\/encuentro-tic.anuies.mx\/ctrl-content\/uploads\/sites\/8\/2022\/08\/CONFERENCIA-PLANTILLA-02-scaled-e1665769360681.jpg 2560w, https:\/\/encuentro-tic.anuies.mx\/ctrl-content\/uploads\/sites\/8\/2022\/08\/CONFERENCIA-PLANTILLA-02-scaled-e1665769360681-300x128.jpg 300w, https:\/\/encuentro-tic.anuies.mx\/ctrl-content\/uploads\/sites\/8\/2022\/08\/CONFERENCIA-PLANTILLA-02-scaled-e1665769360681-1024x438.jpg 1024w, https:\/\/encuentro-tic.anuies.mx\/ctrl-content\/uploads\/sites\/8\/2022\/08\/CONFERENCIA-PLANTILLA-02-scaled-e1665769360681-1536x656.jpg 1536w, https:\/\/encuentro-tic.anuies.mx\/ctrl-content\/uploads\/sites\/8\/2022\/08\/CONFERENCIA-PLANTILLA-02-scaled-e1665769360681-2048x875.jpg 2048w, https:\/\/encuentro-tic.anuies.mx\/ctrl-content\/uploads\/sites\/8\/2022\/08\/CONFERENCIA-PLANTILLA-02-scaled-e1665769360681-920x393.jpg 920w, https:\/\/encuentro-tic.anuies.mx\/ctrl-content\/uploads\/sites\/8\/2022\/08\/CONFERENCIA-PLANTILLA-02-scaled-e1665769360681-230x98.jpg 230w, https:\/\/encuentro-tic.anuies.mx\/ctrl-content\/uploads\/sites\/8\/2022\/08\/CONFERENCIA-PLANTILLA-02-scaled-e1665769360681-350x150.jpg 350w, https:\/\/encuentro-tic.anuies.mx\/ctrl-content\/uploads\/sites\/8\/2022\/08\/CONFERENCIA-PLANTILLA-02-scaled-e1665769360681-480x205.jpg 480w, https:\/\/encuentro-tic.anuies.mx\/ctrl-content\/uploads\/sites\/8\/2022\/08\/CONFERENCIA-PLANTILLA-02-scaled-e1665769360681-768x328.jpg 768w\" sizes=\"auto, (max-width: 2560px) 100vw, 2560px\" \/><\/p>\n<h4><span style=\"color: #800000;\">Fecha:<\/span> 24 octubre <span style=\"color: #800000;\">Hora:<\/span> 9:00 - 10:00h (CDMX)<\/h4>\n<h4 style=\"text-align: left;\"><strong>Acerca de la conferencia<\/strong><\/h4>\n<p style=\"text-align: justify;\">La era digital enfrenta a las instituciones de educaci\u00f3n superior (IES) con grandes retos. Aquellas que logren aprovecharlas mejor tendr\u00e1n mayores posibilidades de jugar un papel destacado en este contexto.<\/p>\n<p style=\"text-align: justify;\">Fara\u00f3n Llorens Largo nos hablar\u00e1 de lo lejos que ha llegado el paradigma digital y lo consolidado que est\u00e1 dentro de nuestras sociedades. Recorriendo las caracter\u00edsticas de la digitalizaci\u00f3n, que afectan a la ense\u00f1anza, y c\u00f3mo los datos cambian el paradigma de la investigaci\u00f3n, y analiza algunos de los retos que deben enfrentar en el ecosistema digital. <strong><em><a href=\"https:\/\/www.metared.org\/global\/estrategia-y-transformacion-de-las-univerdades-un-enfoque-para-el-gobierno-universitario.html\" target=\"_blank\" rel=\"noopener\">D<span style=\"font-size: 10pt;\">escarga de la publicaci\u00f3n aqu\u00ed.<\/span><\/a><\/em><\/strong><\/p>\n<p style=\"text-align: right;\"><span style=\"font-size: 10pt;\">Fuente: https:\/\/blogs.ua.es\/faraonllorens\/2022\/05\/19\/estrategia-y-transformacion-de-las-universidades-un-enfoque-para-el-gobierno-universitario\/<\/span><\/p>\n<h3>Fecha:<span style=\"color: #800000;\"> lunes 24 de octubre de 2022<\/span> Hora: <span style=\"color: #800000;\">9:00 - 10:00 h (CDMX)<\/span><\/h3>\n<h3><strong>Conferenciante: <span style=\"color: #800000;\">Dr.<\/span> <span style=\"color: #800000;\">Fara\u00f3n Llorens Largo.<\/span><\/strong><\/h3>\n<p><img loading=\"lazy\" decoding=\"async\" class=\"wp-image-5801 alignleft\" src=\"https:\/\/encuentro-tic.anuies.mx\/ctrl-content\/uploads\/2022\/07\/faraon-llorens_Mesa-de-trabajo-1.png\" alt=\"\" width=\"250\" height=\"250\" srcset=\"https:\/\/encuentro-tic.anuies.mx\/ctrl-content\/uploads\/sites\/8\/2022\/07\/faraon-llorens_Mesa-de-trabajo-1.png 2015w, https:\/\/encuentro-tic.anuies.mx\/ctrl-content\/uploads\/sites\/8\/2022\/07\/faraon-llorens_Mesa-de-trabajo-1-300x300.png 300w, https:\/\/encuentro-tic.anuies.mx\/ctrl-content\/uploads\/sites\/8\/2022\/07\/faraon-llorens_Mesa-de-trabajo-1-1024x1024.png 1024w, https:\/\/encuentro-tic.anuies.mx\/ctrl-content\/uploads\/sites\/8\/2022\/07\/faraon-llorens_Mesa-de-trabajo-1-150x150.png 150w, https:\/\/encuentro-tic.anuies.mx\/ctrl-content\/uploads\/sites\/8\/2022\/07\/faraon-llorens_Mesa-de-trabajo-1-1536x1536.png 1536w, https:\/\/encuentro-tic.anuies.mx\/ctrl-content\/uploads\/sites\/8\/2022\/07\/faraon-llorens_Mesa-de-trabajo-1-920x920.png 920w, https:\/\/encuentro-tic.anuies.mx\/ctrl-content\/uploads\/sites\/8\/2022\/07\/faraon-llorens_Mesa-de-trabajo-1-230x230.png 230w, https:\/\/encuentro-tic.anuies.mx\/ctrl-content\/uploads\/sites\/8\/2022\/07\/faraon-llorens_Mesa-de-trabajo-1-350x350.png 350w, https:\/\/encuentro-tic.anuies.mx\/ctrl-content\/uploads\/sites\/8\/2022\/07\/faraon-llorens_Mesa-de-trabajo-1-480x480.png 480w\" sizes=\"auto, (max-width: 250px) 100vw, 250px\" \/><\/p>\n<h4><b>Catedr\u00e1tico de Ciencia de la Computaci\u00f3n e Inteligencia Artificial de la Universidad de Alicante.<\/b><\/h4>\n<p style=\"text-align: justify;\"><span style=\"font-weight: 400;\">Catedr\u00e1tico de&nbsp;E.U. de Ciencia de la Computaci\u00f3n e Inteligencia Artificial de la Universidad de Alicante. Diplomado en Profesorado de EGB por la Universidad de Alicante, Licenciado en Inform\u00e1tica por la Universidad Polit\u00e9cnica de Valencia y doctor Ingeniero en Inform\u00e1tica por la Universidad de Alicante. Director de la C\u00e1tedra Santander-UA de Transformaci\u00f3n Digital. Ha ocupado distintos cargos de direcci\u00f3n, destacando los de Director de la Escuela Polit\u00e9cnica Superior (2000-2005) y Vicerrector de Tecnolog\u00eda e Innovaci\u00f3n Educativa (2005-2012) ambos en la UA y el de Secretario Ejecutivo de la Comisi\u00f3n Sectorial TIC de la CRUE (2010-2012). Premio \u201cSapiens 2008 al Profesional\u201d, concedido por el Colegio Oficial de Ingenieros en Inform\u00e1tica de la Comunidad Valenciana y premio \u201cAENUI 2013 a la Calidad e Innovaci\u00f3n Docente\u201d concedido por la Asociaci\u00f3n de Ense\u00f1antes Universitarios de la Inform\u00e1tica. Investigador del Grupo de Investigaci\u00f3n Smart Learning: Tecnolog\u00edas Inteligentes para el Aprendizaje. Sus trabajos se enmarcan en los campos de la inteligencia artificial, el desarrollo de videojuegos y la gamificaci\u00f3n, la aplicaci\u00f3n de las tecnolog\u00edas digitales a la educaci\u00f3n, el gobierno de las TI y la transformaci\u00f3n digital de las universidades.<\/span><\/p>\n<p style=\"text-align: center;\"><a class=\"fasc-button fasc-size-large fasc-type-flat fasc-rounded-medium fasc-ico-before dashicons-undo\" style=\"background-color: #1d2b75; color: #ffffff;\" href=\"https:\/\/encuentro-tic.anuies.mx\/programa2022\/\">Regresar al programa<\/a><\/p>\n<p style=\"text-align: center;\"><a class=\"fasc-button fasc-size-large fasc-type-flat fasc-rounded-medium fasc-ico-before dashicons-admin-site\" style=\"background-color: #a18427; color: #ffffff;\" target=\"_blank\" rel=\"noopener\" href=\"https:\/\/registro-tic.anuies.mx\/\">Reg\u00edstrate aqu\u00ed<\/a><\/p>\n<\/div>\n<\/div><\/div><\/div><\/div><\/div><\/div><\/div>","protected":false},"excerpt":{"rendered":"<p>Fecha: 24 octubre Hora: 9:00 &#8211; 10:00h (CDMX) Acerca de la conferencia La era digital enfrenta a las instituciones de educaci\u00f3n superior [&hellip;]<\/p>\n","protected":false},"author":1,"featured_media":7108,"comment_status":"closed","ping_status":"closed","sticky":false,"template":"post-templates\/post_full.php","format":"standard","meta":{"_exactmetrics_skip_tracking":false,"_exactmetrics_sitenote_active":false,"_exactmetrics_sitenote_note":"","_exactmetrics_sitenote_category":0,"ngg_post_thumbnail":0,"footnotes":""},"categories":[1],"tags":[],"class_list":["post-5943","post","type-post","status-publish","format-standard","has-post-thumbnail","hentry","category-conferencias"],"rttpg_featured_image_url":{"full":["https:\/\/encuentro-tic.anuies.mx\/ctrl-content\/uploads\/sites\/8\/2022\/08\/CONFERENCIA-PLANTILLA_Mesa-de-trabajo-1-scaled.jpg",2560,2560,false],"landscape":["https:\/\/encuentro-tic.anuies.mx\/ctrl-content\/uploads\/sites\/8\/2022\/08\/CONFERENCIA-PLANTILLA_Mesa-de-trabajo-1-scaled.jpg",2560,2560,false],"portraits":["https:\/\/encuentro-tic.anuies.mx\/ctrl-content\/uploads\/sites\/8\/2022\/08\/CONFERENCIA-PLANTILLA_Mesa-de-trabajo-1-scaled.jpg",2560,2560,false],"thumbnail":["https:\/\/encuentro-tic.anuies.mx\/ctrl-content\/uploads\/sites\/8\/2022\/08\/CONFERENCIA-PLANTILLA_Mesa-de-trabajo-1-150x150.jpg",150,150,true],"medium":["https:\/\/encuentro-tic.anuies.mx\/ctrl-content\/uploads\/sites\/8\/2022\/08\/CONFERENCIA-PLANTILLA_Mesa-de-trabajo-1-300x300.jpg",300,300,true],"large":["https:\/\/encuentro-tic.anuies.mx\/ctrl-content\/uploads\/sites\/8\/2022\/08\/CONFERENCIA-PLANTILLA_Mesa-de-trabajo-1-1024x1024.jpg",1024,1024,true],"post-slider-thumb-size":["https:\/\/encuentro-tic.anuies.mx\/ctrl-content\/uploads\/sites\/8\/2022\/08\/CONFERENCIA-PLANTILLA_Mesa-de-trabajo-1-330x190.jpg",330,190,true],"1536x1536":["https:\/\/encuentro-tic.anuies.mx\/ctrl-content\/uploads\/sites\/8\/2022\/08\/CONFERENCIA-PLANTILLA_Mesa-de-trabajo-1-1536x1536.jpg",1536,1536,true],"2048x2048":["https:\/\/encuentro-tic.anuies.mx\/ctrl-content\/uploads\/sites\/8\/2022\/08\/CONFERENCIA-PLANTILLA_Mesa-de-trabajo-1-2048x2048.jpg",2048,2048,true],"sydney-large-thumb":["https:\/\/encuentro-tic.anuies.mx\/ctrl-content\/uploads\/sites\/8\/2022\/08\/CONFERENCIA-PLANTILLA_Mesa-de-trabajo-1-920x920.jpg",920,920,true],"sydney-medium-thumb":["https:\/\/encuentro-tic.anuies.mx\/ctrl-content\/uploads\/sites\/8\/2022\/08\/CONFERENCIA-PLANTILLA_Mesa-de-trabajo-1-550x400.jpg",550,400,true],"sydney-small-thumb":["https:\/\/encuentro-tic.anuies.mx\/ctrl-content\/uploads\/sites\/8\/2022\/08\/CONFERENCIA-PLANTILLA_Mesa-de-trabajo-1-230x230.jpg",230,230,true],"sydney-service-thumb":["https:\/\/encuentro-tic.anuies.mx\/ctrl-content\/uploads\/sites\/8\/2022\/08\/CONFERENCIA-PLANTILLA_Mesa-de-trabajo-1-350x350.jpg",350,350,true],"sydney-mas-thumb":["https:\/\/encuentro-tic.anuies.mx\/ctrl-content\/uploads\/sites\/8\/2022\/08\/CONFERENCIA-PLANTILLA_Mesa-de-trabajo-1-480x480.jpg",480,480,true],"sow-carousel-default":["https:\/\/encuentro-tic.anuies.mx\/ctrl-content\/uploads\/sites\/8\/2022\/08\/CONFERENCIA-PLANTILLA_Mesa-de-trabajo-1-272x182.jpg",272,182,true]},"rttpg_author":{"display_name":"ctrlweb","author_link":"https:\/\/encuentro-tic.anuies.mx\/2022\/author\/ctrlweb\/"},"rttpg_comment":0,"rttpg_category":"<a href=\"https:\/\/encuentro-tic.anuies.mx\/2022\/category\/conferencias\/\" rel=\"category tag\">Conferencias<\/a>","rttpg_excerpt":"Fecha: 24 octubre Hora: 9:00 - 10:00h (CDMX) Acerca de la conferencia La era digital enfrenta a las instituciones de educaci\u00f3n superior [&hellip;]","_links":{"self":[{"href":"https:\/\/encuentro-tic.anuies.mx\/2022\/wp-json\/wp\/v2\/posts\/5943","targetHints":{"allow":["GET"]}}],"collection":[{"href":"https:\/\/encuentro-tic.anuies.mx\/2022\/wp-json\/wp\/v2\/posts"}],"about":[{"href":"https:\/\/encuentro-tic.anuies.mx\/2022\/wp-json\/wp\/v2\/types\/post"}],"author":[{"embeddable":true,"href":"https:\/\/encuentro-tic.anuies.mx\/2022\/wp-json\/wp\/v2\/users\/1"}],"replies":[{"embeddable":true,"href":"https:\/\/encuentro-tic.anuies.mx\/2022\/wp-json\/wp\/v2\/comments?post=5943"}],"version-history":[{"count":7,"href":"https:\/\/encuentro-tic.anuies.mx\/2022\/wp-json\/wp\/v2\/posts\/5943\/revisions"}],"predecessor-version":[{"id":7109,"href":"https:\/\/encuentro-tic.anuies.mx\/2022\/wp-json\/wp\/v2\/posts\/5943\/revisions\/7109"}],"wp:featuredmedia":[{"embeddable":true,"href":"https:\/\/encuentro-tic.anuies.mx\/2022\/wp-json\/wp\/v2\/media\/7108"}],"wp:attachment":[{"href":"https:\/\/encuentro-tic.anuies.mx\/2022\/wp-json\/wp\/v2\/media?parent=5943"}],"wp:term":[{"taxonomy":"category","embeddable":true,"href":"https:\/\/encuentro-tic.anuies.mx\/2022\/wp-json\/wp\/v2\/categories?post=5943"},{"taxonomy":"post_tag","embeddable":true,"href":"https:\/\/encuentro-tic.anuies.mx\/2022\/wp-json\/wp\/v2\/tags?post=5943"}],"curies":[{"name":"wp","href":"https:\/\/api.w.org\/{rel}","templated":true}]}}