{"id":4403,"date":"2021-10-13T19:18:42","date_gmt":"2021-10-14T00:18:42","guid":{"rendered":"https:\/\/encuentro-tic.anuies.mx\/2021\/?p=4403"},"modified":"2021-10-20T15:48:16","modified_gmt":"2021-10-20T20:48:16","slug":"panel-de-mujeres-expertas-mujeres-que-transforman-el-mundo-de-las-tic-experiencias-y-retos-en-la-educacion-digital-en-las-ies","status":"publish","type":"post","link":"https:\/\/encuentro-tic.anuies.mx\/2021\/panel-de-mujeres-expertas-mujeres-que-transforman-el-mundo-de-las-tic-experiencias-y-retos-en-la-educacion-digital-en-las-ies\/","title":{"rendered":"Panel: &#8220;Mujeres que transforman el mundo de las TIC: Experiencias y retos en la educaci\u00f3n digital en las IES&#8221;"},"content":{"rendered":"<div id=\"pl-4403\"  class=\"panel-layout\" ><div id=\"pg-4403-0\"  class=\"panel-grid panel-has-style\" ><div class=\"aos-init siteorigin-panels-stretch panel-row-style panel-row-style-for-4403-0\" data-aos=\"fade-up\" data-aos-duration=\"600\" data-aos-easing=\"linear\" data-aos-anchor-placement=\"top-bottom\" data-aos-once=\"true\" data-stretch-type=\"full-stretched\" ><div id=\"pgc-4403-0-0\"  class=\"panel-grid-cell\" ><div id=\"panel-4403-0-0-0\" class=\"so-panel widget widget_sow-editor panel-first-child\" data-index=\"0\" ><div\n\t\t\t\n\t\t\tclass=\"so-widget-sow-editor so-widget-sow-editor-base\"\n\t\t\t\n\t\t>\n<div class=\"siteorigin-widget-tinymce textwidget\">\n\t<p><img loading=\"lazy\" decoding=\"async\" class=\"aligncenter wp-image-4405 size-full\" src=\"https:\/\/encuentro-tic.anuies.mx\/ctrl-content\/uploads\/2021\/10\/banner_mujeres_2021-e1634171718700.jpeg\" alt=\"\" width=\"1273\" height=\"480\" srcset=\"https:\/\/encuentro-tic.anuies.mx\/ctrl-content\/uploads\/sites\/7\/2021\/10\/banner_mujeres_2021-e1634171718700.jpeg 1273w, https:\/\/encuentro-tic.anuies.mx\/ctrl-content\/uploads\/sites\/7\/2021\/10\/banner_mujeres_2021-e1634171718700-300x113.jpeg 300w, https:\/\/encuentro-tic.anuies.mx\/ctrl-content\/uploads\/sites\/7\/2021\/10\/banner_mujeres_2021-e1634171718700-1024x386.jpeg 1024w, https:\/\/encuentro-tic.anuies.mx\/ctrl-content\/uploads\/sites\/7\/2021\/10\/banner_mujeres_2021-e1634171718700-768x290.jpeg 768w\" sizes=\"auto, (max-width: 1273px) 100vw, 1273px\" \/><\/p>\n<\/div>\n<\/div><\/div><div id=\"panel-4403-0-0-1\" class=\"so-panel widget widget_sow-editor panel-last-child\" data-index=\"1\" ><div\n\t\t\t\n\t\t\tclass=\"so-widget-sow-editor so-widget-sow-editor-base\"\n\t\t\t\n\t\t>\n<div class=\"siteorigin-widget-tinymce textwidget\">\n\t<div id=\"pgc-6257-0-0\" class=\"panel-grid-cell\">\n<div id=\"panel-6257-0-0-0\" class=\"so-panel widget widget_sow-editor panel-first-child panel-last-child\" data-index=\"0\">\n<div class=\"so-widget-sow-editor so-widget-sow-editor-base\">\n<div class=\"siteorigin-widget-tinymce textwidget\">\n<p style=\"text-align: center;\"><span style=\"font-size: 18pt; color: #800000;\"><strong>Panel sin costo,&nbsp; \u00a1 cupo limitado !<\/strong><\/span><\/p>\n<p style=\"text-align: center;\"><a class=\"fasc-button fasc-size-xlarge fasc-type-flat fasc-rounded-medium fasc-ico-before dashicons-admin-site\" style=\"background-color: #f47b20; color: #ffffff;\" target=\"_blank\" rel=\"noopener\" href=\"https:\/\/anuies-tic.anuies.mx\/registro\/public\/index.php\">Reg\u00edstrate<\/a><\/p>\n<p><a class=\"fasc-button fasc-size-xlarge fasc-type-flat fasc-rounded-medium fasc-ico-before dashicons-admin-site fasc-style-bold\" target=\"_blank\" rel=\"noopener\" href=\"https:\/\/anuies-tic.anuies.mx\/registro\/public\/index.php\">Registro<\/a><\/p>\n<\/div>\n<\/div>\n<\/div>\n<\/div>\n<div id=\"pgc-6257-0-1\" class=\"panel-grid-cell\">\n<div id=\"panel-6257-0-1-0\" class=\"so-panel widget widget_sow-editor panel-first-child panel-last-child\" data-index=\"1\">\n<div class=\"so-widget-sow-editor so-widget-sow-editor-base\">\n<div class=\"siteorigin-widget-tinymce textwidget\">&nbsp;<\/div>\n<\/div>\n<\/div>\n<\/div>\n<\/div>\n<\/div><\/div><\/div><\/div><\/div><div id=\"pg-4403-1\"  class=\"panel-grid panel-has-style\" ><div class=\"aos-init panel-row-style panel-row-style-for-4403-1\" data-aos=\"slide-up\" data-aos-duration=\"300\" data-aos-easing=\"linear\" data-aos-anchor-placement=\"top-bottom\" data-aos-once=\"true\" ><div id=\"pgc-4403-1-0\"  class=\"panel-grid-cell\" ><div id=\"panel-4403-1-0-0\" class=\"so-panel widget widget_sow-accordion panel-first-child panel-last-child\" data-index=\"2\" ><div\n\t\t\t\n\t\t\tclass=\"so-widget-sow-accordion so-widget-sow-accordion-default-f1623aee908e-4403\"\n\t\t\t\n\t\t><div>\n\t<div class=\"sow-accordion\">\n\t\t\t<div class=\"sow-accordion-panel\n\t\t sow-accordion-panel-open\t\t\"\n\t\t\tdata-anchor-id=\"mtra-carmen-diaz-novelo\">\n\t\t\t\t<div class=\"sow-accordion-panel-header-container\" role=\"heading\" aria-level=\"2\">\n\t\t\t\t\t<div class=\"sow-accordion-panel-header\" tabindex=\"0\" role=\"button\" id=\"accordion-label-mtra-carmen-d%c3%adaz-novelo\" aria-controls=\"accordion-content-mtra-carmen-d%c3%adaz-novelo\" aria-expanded=\"true\">\n\t\t\t\t\t\t<div class=\"sow-accordion-title sow-accordion-title-icon-left\">\n\t\t\t\t\t\t\t\t\t\t\t\t\t\tMtra. Carmen D\u00edaz Novelo\t\t\t\t\t\t\t\t\t\t\t\t\t<\/div>\n\t\t\t\t\t\t<div class=\"sow-accordion-open-close-button\">\n\t\t\t\t\t\t\t<div class=\"sow-accordion-open-button\">\n\t\t\t\t\t\t\t\t<span class=\"sow-icon-ionicons\" data-sow-icon=\"&#xf218;\"\n\t\t \n\t\taria-hidden=\"true\"><\/span>\t\t\t\t\t\t\t<\/div>\n\t\t\t\t\t\t\t<div class=\"sow-accordion-close-button\">\n\t\t\t\t\t\t\t\t<span class=\"sow-icon-ionicons\" data-sow-icon=\"&#xf209;\"\n\t\t \n\t\taria-hidden=\"true\"><\/span>\t\t\t\t\t\t\t<\/div>\n\t\t\t\t\t\t<\/div>\n\t\t\t\t\t<\/div>\n\t\t\t\t<\/div>\n\n\t\t\t<div\n\t\t\t\tclass=\"sow-accordion-panel-content\"\n\t\t\t\trole=\"region\"\n\t\t\t\taria-labelledby=\"accordion-label-mtra-carmen-d%c3%adaz-novelo\"\n\t\t\t\tid=\"accordion-content-mtra-carmen-d%c3%adaz-novelo\"\n\t\t\t\t\t\t\t>\n\t\t\t\t<div class=\"sow-accordion-panel-border\">\n\t\t\t\t\t<p><img loading=\"lazy\" decoding=\"async\" class=\"aligncenter size-full wp-image-4234\" src=\"https:\/\/encuentro-tic.anuies.mx\/ctrl-content\/uploads\/2021\/09\/Carmen-Diaz.jpg\" alt=\"\" width=\"221\" height=\"221\" srcset=\"https:\/\/encuentro-tic.anuies.mx\/ctrl-content\/uploads\/sites\/7\/2021\/09\/Carmen-Diaz.jpg 667w, https:\/\/encuentro-tic.anuies.mx\/ctrl-content\/uploads\/sites\/7\/2021\/09\/Carmen-Diaz-300x300.jpg 300w, https:\/\/encuentro-tic.anuies.mx\/ctrl-content\/uploads\/sites\/7\/2021\/09\/Carmen-Diaz-150x150.jpg 150w, https:\/\/encuentro-tic.anuies.mx\/ctrl-content\/uploads\/sites\/7\/2021\/09\/Carmen-Diaz-400x400.jpg 400w\" sizes=\"auto, (max-width: 221px) 100vw, 221px\" \/><\/p>\n<p style=\"text-align: justify;\">Candidata a Doctora en Ciencias de la Educaci\u00f3n por la Universidad An\u00e1huac, Maestra en Administraci\u00f3n de Tecnolog\u00edas de Informaci\u00f3n por el Instituto Tecnol\u00f3gico de Estudios Superiores de Monterrey, Especialista en Administraci\u00f3n de Tecnolog\u00eda y Licenciada en Ciencias de la Computaci\u00f3n por la Universidad Aut\u00f3noma de Yucat\u00e1n, UADY, cuenta con 26 a\u00f1os de experiencia en gesti\u00f3n de Tecnolog\u00edas de Informaci\u00f3n. Actualmente es coordinadora de Atenci\u00f3n a Usuarios y soporte t\u00e9cnico en la Coord. Gral. de TIC de la UADY, durante su trayectoria en la Instituci\u00f3n ha tenido cargos como auditor l\u00edder del Sistema de Gesti\u00f3n de la Calidad, vocal del comit\u00e9 de adquisiciones, instructora en diplomados y asesora de diversas tesis de Licenciatura y posgrado. Algunos de los proyectos que ha desarrollado e implementado en la Instituci\u00f3n son:&nbsp; \"Buenas pr\u00e1cticas para la adquisici\u00f3n de servicios de TIC\", \"Modelo de gesti\u00f3n de conocimiento para el soporte de TIC\", \"Ventanilla \u00fanica de servicios de TIC\" y \"Arquitectura de servicios de Tecnolog\u00eda Educativa\".<\/p>\n<p style=\"text-align: justify;\">Ha colaborado con m\u00e1s de cuarenta Instituciones de Educaci\u00f3n Superior de M\u00e9xico. Ha coordinado diversas redes acad\u00e9micas, grupos nacionales y de la regi\u00f3n de Am\u00e9rica Latina en temas de seguridad inform\u00e1tica y; gesti\u00f3n y gobierno de TI. Ha sido invitada a evaluar proyectos del gobierno como los I+T Gob del CIAPEM, de la Red de Docencia e Investigaci\u00f3n - RIDIT y en Latinoam\u00e9rica de la conferencia TICAL.<\/p>\n<p style=\"text-align: justify;\">Es autora y coautora de diversos art\u00edculos sobre experiencias y casos pr\u00e1cticos de las TIC en la Educaci\u00f3n Superior y en los estudios realizados por la Asociaci\u00f3n Nacional de Universidades e Instituciones de Educaci\u00f3n Superior.<\/p>\n<p style=\"text-align: justify;\">Actualmente colabora en diversas iniciativas y proyectos con el comit\u00e9 ANUIES-TIC entre ellos&nbsp;Gobierno de TI, Reconocimientos ANUIES-TIC y la Red de Mujeres en TIC, en la Corporaci\u00f3n Universitaria para el Desarrollo de Internet es coordinadora del Grupo de Gobierno de TI; en RedClara, en el desarrollo de estudios de Gobierno de TIC en Latinoam\u00e9rica; con el grupo de madurez digital de MetaRed, y con el Centro de mujeres en Tecnolog\u00eda de LACNIC.<\/p>\n\t\t\t\t<\/div>\n\t\t\t<\/div>\n\t\t<\/div>\n\t\t\t<div class=\"sow-accordion-panel\n\t\t sow-accordion-panel-open\t\t\"\n\t\t\tdata-anchor-id=\"ida-holz\">\n\t\t\t\t<div class=\"sow-accordion-panel-header-container\" role=\"heading\" aria-level=\"2\">\n\t\t\t\t\t<div class=\"sow-accordion-panel-header\" tabindex=\"0\" role=\"button\" id=\"accordion-label-ida-holz\" aria-controls=\"accordion-content-ida-holz\" aria-expanded=\"true\">\n\t\t\t\t\t\t<div class=\"sow-accordion-title sow-accordion-title-icon-left\">\n\t\t\t\t\t\t\t\t\t\t\t\t\t\tIda Holz\t\t\t\t\t\t\t\t\t\t\t\t\t<\/div>\n\t\t\t\t\t\t<div class=\"sow-accordion-open-close-button\">\n\t\t\t\t\t\t\t<div class=\"sow-accordion-open-button\">\n\t\t\t\t\t\t\t\t<span class=\"sow-icon-ionicons\" data-sow-icon=\"&#xf218;\"\n\t\t \n\t\taria-hidden=\"true\"><\/span>\t\t\t\t\t\t\t<\/div>\n\t\t\t\t\t\t\t<div class=\"sow-accordion-close-button\">\n\t\t\t\t\t\t\t\t<span class=\"sow-icon-ionicons\" data-sow-icon=\"&#xf209;\"\n\t\t \n\t\taria-hidden=\"true\"><\/span>\t\t\t\t\t\t\t<\/div>\n\t\t\t\t\t\t<\/div>\n\t\t\t\t\t<\/div>\n\t\t\t\t<\/div>\n\n\t\t\t<div\n\t\t\t\tclass=\"sow-accordion-panel-content\"\n\t\t\t\trole=\"region\"\n\t\t\t\taria-labelledby=\"accordion-label-ida-holz\"\n\t\t\t\tid=\"accordion-content-ida-holz\"\n\t\t\t\t\t\t\t>\n\t\t\t\t<div class=\"sow-accordion-panel-border\">\n\t\t\t\t\t<p><img loading=\"lazy\" decoding=\"async\" class=\"aligncenter size-full wp-image-4296\" src=\"https:\/\/encuentro-tic.anuies.mx\/ctrl-content\/uploads\/2021\/10\/Ida-Holz.jpg\" alt=\"\" width=\"221\" height=\"221\" srcset=\"https:\/\/encuentro-tic.anuies.mx\/ctrl-content\/uploads\/sites\/7\/2021\/10\/Ida-Holz.jpg 667w, https:\/\/encuentro-tic.anuies.mx\/ctrl-content\/uploads\/sites\/7\/2021\/10\/Ida-Holz-300x300.jpg 300w, https:\/\/encuentro-tic.anuies.mx\/ctrl-content\/uploads\/sites\/7\/2021\/10\/Ida-Holz-150x150.jpg 150w, https:\/\/encuentro-tic.anuies.mx\/ctrl-content\/uploads\/sites\/7\/2021\/10\/Ida-Holz-400x400.jpg 400w\" sizes=\"auto, (max-width: 221px) 100vw, 221px\" \/><\/p>\n<p style=\"text-align: justify;\">Es una ingeniera, inform\u00e1tica, profesora e investigadora uruguaya, pionera en el campo de la computaci\u00f3n y de Internet. Obtuvo el Premio a la Trayectoria 2009, otorgado por el Registro de Direcciones de Internet para Am\u00e9rica Latina y el Caribe (LACNIC) a las personas que han contribuido al desarrollo permanente de Internet. En 2013 fue la primera personalidad latinoamericana en ingresar al Sal\u00f3n de la Fama de la Internet Society, una iniciativa que honra a las personas que han sido importantes para el desarrollo y fortalecimiento de Internet.<\/p>\n<p style=\"text-align: justify;\">Lider\u00f3 el desarrollo de Internet en Uruguay desde principios de los a\u00f1os 90. Desde entonces y hasta hoy, ha jugado un rol destacado en el desarrollo y evoluci\u00f3n de las TIC en Uruguay. impulsoras del Plan Ceibal.<\/p>\n<p style=\"text-align: justify;\"><b>Uno de los llamados \"padres de internet\" <\/b><b>Vint<\/b><b> Cerf, se le consult\u00f3 si hab\u00eda una \"madre de internet\", y se\u00f1al\u00f3: \u201cS\u00ed, existe una madre de internet. Y se llama Ida <\/b><b>Holz<\/b><b>\"<\/b><\/p>\n\t\t\t\t<\/div>\n\t\t\t<\/div>\n\t\t<\/div>\n\t\t\t<div class=\"sow-accordion-panel\n\t\t sow-accordion-panel-open\t\t\"\n\t\t\tdata-anchor-id=\"mtra-erika-sanchez-chable\">\n\t\t\t\t<div class=\"sow-accordion-panel-header-container\" role=\"heading\" aria-level=\"2\">\n\t\t\t\t\t<div class=\"sow-accordion-panel-header\" tabindex=\"0\" role=\"button\" id=\"accordion-label-mtra-erika-s%c3%a1nchez-chabl%c3%a9\" aria-controls=\"accordion-content-mtra-erika-s%c3%a1nchez-chabl%c3%a9\" aria-expanded=\"true\">\n\t\t\t\t\t\t<div class=\"sow-accordion-title sow-accordion-title-icon-left\">\n\t\t\t\t\t\t\t\t\t\t\t\t\t\tMtra. Erika S\u00e1nchez Chabl\u00e9\t\t\t\t\t\t\t\t\t\t\t\t\t<\/div>\n\t\t\t\t\t\t<div class=\"sow-accordion-open-close-button\">\n\t\t\t\t\t\t\t<div class=\"sow-accordion-open-button\">\n\t\t\t\t\t\t\t\t<span class=\"sow-icon-ionicons\" data-sow-icon=\"&#xf218;\"\n\t\t \n\t\taria-hidden=\"true\"><\/span>\t\t\t\t\t\t\t<\/div>\n\t\t\t\t\t\t\t<div class=\"sow-accordion-close-button\">\n\t\t\t\t\t\t\t\t<span class=\"sow-icon-ionicons\" data-sow-icon=\"&#xf209;\"\n\t\t \n\t\taria-hidden=\"true\"><\/span>\t\t\t\t\t\t\t<\/div>\n\t\t\t\t\t\t<\/div>\n\t\t\t\t\t<\/div>\n\t\t\t\t<\/div>\n\n\t\t\t<div\n\t\t\t\tclass=\"sow-accordion-panel-content\"\n\t\t\t\trole=\"region\"\n\t\t\t\taria-labelledby=\"accordion-label-mtra-erika-s%c3%a1nchez-chabl%c3%a9\"\n\t\t\t\tid=\"accordion-content-mtra-erika-s%c3%a1nchez-chabl%c3%a9\"\n\t\t\t\t\t\t\t>\n\t\t\t\t<div class=\"sow-accordion-panel-border\">\n\t\t\t\t\t<p><img loading=\"lazy\" decoding=\"async\" class=\"aligncenter size-full wp-image-4266\" src=\"https:\/\/encuentro-tic.anuies.mx\/ctrl-content\/uploads\/2021\/10\/Erika-Sanchez.jpg\" alt=\"\" width=\"221\" height=\"221\" srcset=\"https:\/\/encuentro-tic.anuies.mx\/ctrl-content\/uploads\/sites\/7\/2021\/10\/Erika-Sanchez.jpg 667w, https:\/\/encuentro-tic.anuies.mx\/ctrl-content\/uploads\/sites\/7\/2021\/10\/Erika-Sanchez-300x300.jpg 300w, https:\/\/encuentro-tic.anuies.mx\/ctrl-content\/uploads\/sites\/7\/2021\/10\/Erika-Sanchez-150x150.jpg 150w, https:\/\/encuentro-tic.anuies.mx\/ctrl-content\/uploads\/sites\/7\/2021\/10\/Erika-Sanchez-400x400.jpg 400w\" sizes=\"auto, (max-width: 221px) 100vw, 221px\" \/><\/p>\n<p style=\"text-align: justify;\">Coordinadora General de Tecnolog\u00edas de la Informaci\u00f3n y la Comunicaci\u00f3n de la Universidad Aut\u00f3noma del Carmen, Impulsora de la creaci\u00f3n de la Red Regional Red de Tecnolog\u00edas de la Informaci\u00f3n y las Comunicaciones Sur-Sureste (RRTICSS) de la ANUIES y actualmente coordinadora de la misma, reconocida por la Revista InfoWorld de circulaci\u00f3n nacional como uno de los 100 Mejores directores de TIC (CIO\u00b4s) de M\u00e9xico en los a\u00f1os 2020 y 2019. Actualmente es la Coordinadora de la Red de Mujeres en TIC del Comit\u00e9 ANUIES TIC cuyo objetivo es promover la figura de la mujer en el \u00e1mbito tecnol\u00f3gico<\/p>\n\t\t\t\t<\/div>\n\t\t\t<\/div>\n\t\t<\/div>\n\t\t\t<div class=\"sow-accordion-panel\n\t\t sow-accordion-panel-open\t\t\"\n\t\t\tdata-anchor-id=\"dra-patricia-rosalinda-trujillo-mariel\">\n\t\t\t\t<div class=\"sow-accordion-panel-header-container\" role=\"heading\" aria-level=\"2\">\n\t\t\t\t\t<div class=\"sow-accordion-panel-header\" tabindex=\"0\" role=\"button\" id=\"accordion-label-dra-patricia-rosalinda-trujillo-mariel\" aria-controls=\"accordion-content-dra-patricia-rosalinda-trujillo-mariel\" aria-expanded=\"true\">\n\t\t\t\t\t\t<div class=\"sow-accordion-title sow-accordion-title-icon-left\">\n\t\t\t\t\t\t\t\t\t\t\t\t\t\tDra. Patricia Rosalinda Trujillo Mariel\t\t\t\t\t\t\t\t\t\t\t\t\t<\/div>\n\t\t\t\t\t\t<div class=\"sow-accordion-open-close-button\">\n\t\t\t\t\t\t\t<div class=\"sow-accordion-open-button\">\n\t\t\t\t\t\t\t\t<span class=\"sow-icon-ionicons\" data-sow-icon=\"&#xf218;\"\n\t\t \n\t\taria-hidden=\"true\"><\/span>\t\t\t\t\t\t\t<\/div>\n\t\t\t\t\t\t\t<div class=\"sow-accordion-close-button\">\n\t\t\t\t\t\t\t\t<span class=\"sow-icon-ionicons\" data-sow-icon=\"&#xf209;\"\n\t\t \n\t\taria-hidden=\"true\"><\/span>\t\t\t\t\t\t\t<\/div>\n\t\t\t\t\t\t<\/div>\n\t\t\t\t\t<\/div>\n\t\t\t\t<\/div>\n\n\t\t\t<div\n\t\t\t\tclass=\"sow-accordion-panel-content\"\n\t\t\t\trole=\"region\"\n\t\t\t\taria-labelledby=\"accordion-label-dra-patricia-rosalinda-trujillo-mariel\"\n\t\t\t\tid=\"accordion-content-dra-patricia-rosalinda-trujillo-mariel\"\n\t\t\t\t\t\t\t>\n\t\t\t\t<div class=\"sow-accordion-panel-border\">\n\t\t\t\t\t<p><img loading=\"lazy\" decoding=\"async\" class=\"aligncenter size-full wp-image-4274\" src=\"https:\/\/encuentro-tic.anuies.mx\/ctrl-content\/uploads\/2021\/10\/Patricia-Trujillo.jpg\" alt=\"\" width=\"221\" height=\"221\" srcset=\"https:\/\/encuentro-tic.anuies.mx\/ctrl-content\/uploads\/sites\/7\/2021\/10\/Patricia-Trujillo.jpg 667w, https:\/\/encuentro-tic.anuies.mx\/ctrl-content\/uploads\/sites\/7\/2021\/10\/Patricia-Trujillo-300x300.jpg 300w, https:\/\/encuentro-tic.anuies.mx\/ctrl-content\/uploads\/sites\/7\/2021\/10\/Patricia-Trujillo-150x150.jpg 150w, https:\/\/encuentro-tic.anuies.mx\/ctrl-content\/uploads\/sites\/7\/2021\/10\/Patricia-Trujillo-400x400.jpg 400w\" sizes=\"auto, (max-width: 221px) 100vw, 221px\" \/><\/p>\n<p style=\"text-align: justify;\">Doctora en Ciencias, Investigadora y Acad\u00e9mica en el \u00e1rea de Ciencias Forenses. Fundadora de la Divisi\u00f3n Cient\u00edfica, Ha desarrollado trabajos acad\u00e9micos en medicina forense, criminolog\u00eda, criminal\u00edstica, seguridad, planeaci\u00f3n estrat\u00e9gica, calidad, inteligencia, manejo de crisis y ciberseguridad, \u00e1reas en las que cre\u00f3 protocolos y modelos homologados de actuaci\u00f3n. Especialista en el \u00e1rea de la medicina forense. Miembro de asociaciones nacionales e internacionales. Docente certificada con m\u00e1s de tres d\u00e9cadas de experiencia en la formaci\u00f3n de recursos humanos a nivel doctorado, maestr\u00eda, licenciatura, t\u00e9cnico medio superior y b\u00e1sico.<\/p>\n\t\t\t\t<\/div>\n\t\t\t<\/div>\n\t\t<\/div>\n\t\t\t<div class=\"sow-accordion-panel\n\t\t sow-accordion-panel-open\t\t\"\n\t\t\tdata-anchor-id=\"dra-susana-graciela-cadena-vela\">\n\t\t\t\t<div class=\"sow-accordion-panel-header-container\" role=\"heading\" aria-level=\"2\">\n\t\t\t\t\t<div class=\"sow-accordion-panel-header\" tabindex=\"0\" role=\"button\" id=\"accordion-label-dra-susana-graciela-cadena-vela\" aria-controls=\"accordion-content-dra-susana-graciela-cadena-vela\" aria-expanded=\"true\">\n\t\t\t\t\t\t<div class=\"sow-accordion-title sow-accordion-title-icon-left\">\n\t\t\t\t\t\t\t\t\t\t\t\t\t\tDra. Susana Graciela Cadena Vela\t\t\t\t\t\t\t\t\t\t\t\t\t<\/div>\n\t\t\t\t\t\t<div class=\"sow-accordion-open-close-button\">\n\t\t\t\t\t\t\t<div class=\"sow-accordion-open-button\">\n\t\t\t\t\t\t\t\t<span class=\"sow-icon-ionicons\" data-sow-icon=\"&#xf218;\"\n\t\t \n\t\taria-hidden=\"true\"><\/span>\t\t\t\t\t\t\t<\/div>\n\t\t\t\t\t\t\t<div class=\"sow-accordion-close-button\">\n\t\t\t\t\t\t\t\t<span class=\"sow-icon-ionicons\" data-sow-icon=\"&#xf209;\"\n\t\t \n\t\taria-hidden=\"true\"><\/span>\t\t\t\t\t\t\t<\/div>\n\t\t\t\t\t\t<\/div>\n\t\t\t\t\t<\/div>\n\t\t\t\t<\/div>\n\n\t\t\t<div\n\t\t\t\tclass=\"sow-accordion-panel-content\"\n\t\t\t\trole=\"region\"\n\t\t\t\taria-labelledby=\"accordion-label-dra-susana-graciela-cadena-vela\"\n\t\t\t\tid=\"accordion-content-dra-susana-graciela-cadena-vela\"\n\t\t\t\t\t\t\t>\n\t\t\t\t<div class=\"sow-accordion-panel-border\">\n\t\t\t\t\t<p><img loading=\"lazy\" decoding=\"async\" class=\"aligncenter size-full wp-image-4280\" src=\"https:\/\/encuentro-tic.anuies.mx\/ctrl-content\/uploads\/2021\/10\/Susana-Cadena.jpg\" alt=\"\" width=\"221\" height=\"221\" srcset=\"https:\/\/encuentro-tic.anuies.mx\/ctrl-content\/uploads\/sites\/7\/2021\/10\/Susana-Cadena.jpg 667w, https:\/\/encuentro-tic.anuies.mx\/ctrl-content\/uploads\/sites\/7\/2021\/10\/Susana-Cadena-300x300.jpg 300w, https:\/\/encuentro-tic.anuies.mx\/ctrl-content\/uploads\/sites\/7\/2021\/10\/Susana-Cadena-150x150.jpg 150w, https:\/\/encuentro-tic.anuies.mx\/ctrl-content\/uploads\/sites\/7\/2021\/10\/Susana-Cadena-400x400.jpg 400w\" sizes=\"auto, (max-width: 221px) 100vw, 221px\" \/><\/p>\n<p style=\"text-align: justify;\">Doctor en Inform\u00e1tica, Docente \u2013 Investigador de la Universidad Central del Ecuador, ha desempe\u00f1ado varios cargos entre los principales: Directora nacional del Tecnolog\u00edas para la Educaci\u00f3n del Ministerio de Educaci\u00f3n de Ecuador, desarroll\u00f3 el \u201cProyecto Comunidad Educativa En L\u00ednea\u201d , y Directora de Tecnolog\u00edas de Informaci\u00f3n y Comunicaciones (TIC) en la Universidad Central del Ecuador, y Miembro de varios proyectos de investigaci\u00f3n.<\/p>\n\t\t\t\t<\/div>\n\t\t\t<\/div>\n\t\t<\/div>\n\t\t\t<div class=\"sow-accordion-panel\n\t\t sow-accordion-panel-open\t\t\"\n\t\t\tdata-anchor-id=\"mtra-mariela-camargo\">\n\t\t\t\t<div class=\"sow-accordion-panel-header-container\" role=\"heading\" aria-level=\"2\">\n\t\t\t\t\t<div class=\"sow-accordion-panel-header\" tabindex=\"0\" role=\"button\" id=\"accordion-label-mtra-mariela-camargo\" aria-controls=\"accordion-content-mtra-mariela-camargo\" aria-expanded=\"true\">\n\t\t\t\t\t\t<div class=\"sow-accordion-title sow-accordion-title-icon-left\">\n\t\t\t\t\t\t\t\t\t\t\t\t\t\tMtra. Mariela Camargo\t\t\t\t\t\t\t\t\t\t\t\t\t<\/div>\n\t\t\t\t\t\t<div class=\"sow-accordion-open-close-button\">\n\t\t\t\t\t\t\t<div class=\"sow-accordion-open-button\">\n\t\t\t\t\t\t\t\t<span class=\"sow-icon-ionicons\" data-sow-icon=\"&#xf218;\"\n\t\t \n\t\taria-hidden=\"true\"><\/span>\t\t\t\t\t\t\t<\/div>\n\t\t\t\t\t\t\t<div class=\"sow-accordion-close-button\">\n\t\t\t\t\t\t\t\t<span class=\"sow-icon-ionicons\" data-sow-icon=\"&#xf209;\"\n\t\t \n\t\taria-hidden=\"true\"><\/span>\t\t\t\t\t\t\t<\/div>\n\t\t\t\t\t\t<\/div>\n\t\t\t\t\t<\/div>\n\t\t\t\t<\/div>\n\n\t\t\t<div\n\t\t\t\tclass=\"sow-accordion-panel-content\"\n\t\t\t\trole=\"region\"\n\t\t\t\taria-labelledby=\"accordion-label-mtra-mariela-camargo\"\n\t\t\t\tid=\"accordion-content-mtra-mariela-camargo\"\n\t\t\t\t\t\t\t>\n\t\t\t\t<div class=\"sow-accordion-panel-border\">\n\t\t\t\t\t<p><img loading=\"lazy\" decoding=\"async\" class=\"aligncenter size-full wp-image-4272\" src=\"https:\/\/encuentro-tic.anuies.mx\/ctrl-content\/uploads\/2021\/10\/Mariela-Camargo.jpg\" alt=\"\" width=\"221\" height=\"221\" srcset=\"https:\/\/encuentro-tic.anuies.mx\/ctrl-content\/uploads\/sites\/7\/2021\/10\/Mariela-Camargo.jpg 667w, https:\/\/encuentro-tic.anuies.mx\/ctrl-content\/uploads\/sites\/7\/2021\/10\/Mariela-Camargo-300x300.jpg 300w, https:\/\/encuentro-tic.anuies.mx\/ctrl-content\/uploads\/sites\/7\/2021\/10\/Mariela-Camargo-150x150.jpg 150w, https:\/\/encuentro-tic.anuies.mx\/ctrl-content\/uploads\/sites\/7\/2021\/10\/Mariela-Camargo-400x400.jpg 400w\" sizes=\"auto, (max-width: 221px) 100vw, 221px\" \/><\/p>\n<p style=\"text-align: justify;\">Jefa del \u00e1rea de Tecnolog\u00edas de la Informaci\u00f3n y Sistemas \u2013 UESAN. Responsable&nbsp; de la implementaci\u00f3n de las tecnolog\u00edas e innovaci\u00f3n educativa&nbsp; en el marco de la pandemia \u2013 UESAN. Actualmente es jefa del \u00e1rea de Tecnolog\u00edas de la Informaci\u00f3n y Sistemas de la Universidad ESAN, amplia experiencia en la direcci\u00f3n y gesti\u00f3n de las tecnolog\u00edas de informaci\u00f3n y los negocios, principalmente en el sector de la educaci\u00f3n. Pertenece al grupo de investigadores de CONCYTEC- Per\u00fa participando en m\u00e1s de un proyecto de investigaci\u00f3n del FINCYT e Innovate Per\u00fa. Docente de la facultad de ingenier\u00eda de la Universidad ESAN.<\/p>\n\t\t\t\t<\/div>\n\t\t\t<\/div>\n\t\t<\/div>\n\t\t\t<div class=\"sow-accordion-panel\n\t\t sow-accordion-panel-open\t\t\"\n\t\t\tdata-anchor-id=\"lic-rocio-brauer\">\n\t\t\t\t<div class=\"sow-accordion-panel-header-container\" role=\"heading\" aria-level=\"2\">\n\t\t\t\t\t<div class=\"sow-accordion-panel-header\" tabindex=\"0\" role=\"button\" id=\"accordion-label-lic-roc%c3%ado-brauer\" aria-controls=\"accordion-content-lic-roc%c3%ado-brauer\" aria-expanded=\"true\">\n\t\t\t\t\t\t<div class=\"sow-accordion-title sow-accordion-title-icon-left\">\n\t\t\t\t\t\t\t\t\t\t\t\t\t\tLic. Roc\u00edo Brauer\t\t\t\t\t\t\t\t\t\t\t\t\t<\/div>\n\t\t\t\t\t\t<div class=\"sow-accordion-open-close-button\">\n\t\t\t\t\t\t\t<div class=\"sow-accordion-open-button\">\n\t\t\t\t\t\t\t\t<span class=\"sow-icon-ionicons\" data-sow-icon=\"&#xf218;\"\n\t\t \n\t\taria-hidden=\"true\"><\/span>\t\t\t\t\t\t\t<\/div>\n\t\t\t\t\t\t\t<div class=\"sow-accordion-close-button\">\n\t\t\t\t\t\t\t\t<span class=\"sow-icon-ionicons\" data-sow-icon=\"&#xf209;\"\n\t\t \n\t\taria-hidden=\"true\"><\/span>\t\t\t\t\t\t\t<\/div>\n\t\t\t\t\t\t<\/div>\n\t\t\t\t\t<\/div>\n\t\t\t\t<\/div>\n\n\t\t\t<div\n\t\t\t\tclass=\"sow-accordion-panel-content\"\n\t\t\t\trole=\"region\"\n\t\t\t\taria-labelledby=\"accordion-label-lic-roc%c3%ado-brauer\"\n\t\t\t\tid=\"accordion-content-lic-roc%c3%ado-brauer\"\n\t\t\t\t\t\t\t>\n\t\t\t\t<div class=\"sow-accordion-panel-border\">\n\t\t\t\t\t<p><img loading=\"lazy\" decoding=\"async\" class=\"aligncenter size-full wp-image-4278\" src=\"https:\/\/encuentro-tic.anuies.mx\/ctrl-content\/uploads\/2021\/10\/Rocio-Brauer.jpg\" alt=\"\" width=\"221\" height=\"221\" srcset=\"https:\/\/encuentro-tic.anuies.mx\/ctrl-content\/uploads\/sites\/7\/2021\/10\/Rocio-Brauer.jpg 667w, https:\/\/encuentro-tic.anuies.mx\/ctrl-content\/uploads\/sites\/7\/2021\/10\/Rocio-Brauer-300x300.jpg 300w, https:\/\/encuentro-tic.anuies.mx\/ctrl-content\/uploads\/sites\/7\/2021\/10\/Rocio-Brauer-150x150.jpg 150w, https:\/\/encuentro-tic.anuies.mx\/ctrl-content\/uploads\/sites\/7\/2021\/10\/Rocio-Brauer-400x400.jpg 400w\" sizes=\"auto, (max-width: 221px) 100vw, 221px\" \/><\/p>\n<p style=\"text-align: justify;\">Licenciada en Relaciones Internacionales con especialidad en medios de comunicaci\u00f3n internacional, Con una amplia trayectoria en medios electr\u00f3nicos y digitales, Roc\u00edo inici\u00f3 su carrera en su \u00e9poca de estudiante, momento en el que incursiona como locutora de los spots comerciales de la cadena Grupo 7.&nbsp; Es a trav\u00e9s de esta experiencia como descubre su verdadera vocaci\u00f3n por lo que a partir de ese momento se aboca a la producci\u00f3n en cabina y t\u00e9cnicas de locuci\u00f3n, factores que le permiten obtener su primer programa radiof\u00f3nico. Su presencia en Grupo Radio Centro comienza en 1993. Como anfitriona de sus propios programas Roc\u00edo ha tenido la oportunidad de entrevistar a m\u00e1s de 150 personalidades del mundo art\u00edstico as\u00ed como de los \u00e1mbitos econ\u00f3mico, pol\u00edtico, social y del Ecosistema Digital.<\/p>\n\t\t\t\t<\/div>\n\t\t\t<\/div>\n\t\t<\/div>\n\t\t\t<div class=\"sow-accordion-panel\n\t\t sow-accordion-panel-open\t\t\"\n\t\t\tdata-anchor-id=\"dra-esther-gimenez-salinas-colomer\">\n\t\t\t\t<div class=\"sow-accordion-panel-header-container\" role=\"heading\" aria-level=\"2\">\n\t\t\t\t\t<div class=\"sow-accordion-panel-header\" tabindex=\"0\" role=\"button\" id=\"accordion-label-dra-esther-gim%c3%a9nez-salinas-colomer\" aria-controls=\"accordion-content-dra-esther-gim%c3%a9nez-salinas-colomer\" aria-expanded=\"true\">\n\t\t\t\t\t\t<div class=\"sow-accordion-title sow-accordion-title-icon-left\">\n\t\t\t\t\t\t\t\t\t\t\t\t\t\tDra. Esther Gim\u00e9nez-Salinas Colomer\t\t\t\t\t\t\t\t\t\t\t\t\t<\/div>\n\t\t\t\t\t\t<div class=\"sow-accordion-open-close-button\">\n\t\t\t\t\t\t\t<div class=\"sow-accordion-open-button\">\n\t\t\t\t\t\t\t\t<span class=\"sow-icon-ionicons\" data-sow-icon=\"&#xf218;\"\n\t\t \n\t\taria-hidden=\"true\"><\/span>\t\t\t\t\t\t\t<\/div>\n\t\t\t\t\t\t\t<div class=\"sow-accordion-close-button\">\n\t\t\t\t\t\t\t\t<span class=\"sow-icon-ionicons\" data-sow-icon=\"&#xf209;\"\n\t\t \n\t\taria-hidden=\"true\"><\/span>\t\t\t\t\t\t\t<\/div>\n\t\t\t\t\t\t<\/div>\n\t\t\t\t\t<\/div>\n\t\t\t\t<\/div>\n\n\t\t\t<div\n\t\t\t\tclass=\"sow-accordion-panel-content\"\n\t\t\t\trole=\"region\"\n\t\t\t\taria-labelledby=\"accordion-label-dra-esther-gim%c3%a9nez-salinas-colomer\"\n\t\t\t\tid=\"accordion-content-dra-esther-gim%c3%a9nez-salinas-colomer\"\n\t\t\t\t\t\t\t>\n\t\t\t\t<div class=\"sow-accordion-panel-border\">\n\t\t\t\t\t<p><img loading=\"lazy\" decoding=\"async\" class=\"aligncenter size-full wp-image-4267\" src=\"https:\/\/encuentro-tic.anuies.mx\/ctrl-content\/uploads\/2021\/10\/Esther-Gimenez.jpg\" alt=\"\" width=\"221\" height=\"221\" srcset=\"https:\/\/encuentro-tic.anuies.mx\/ctrl-content\/uploads\/sites\/7\/2021\/10\/Esther-Gimenez.jpg 667w, https:\/\/encuentro-tic.anuies.mx\/ctrl-content\/uploads\/sites\/7\/2021\/10\/Esther-Gimenez-300x300.jpg 300w, https:\/\/encuentro-tic.anuies.mx\/ctrl-content\/uploads\/sites\/7\/2021\/10\/Esther-Gimenez-150x150.jpg 150w, https:\/\/encuentro-tic.anuies.mx\/ctrl-content\/uploads\/sites\/7\/2021\/10\/Esther-Gimenez-400x400.jpg 400w\" sizes=\"auto, (max-width: 221px) 100vw, 221px\" \/><\/p>\n<p style=\"text-align: justify;\"><span style=\"font-weight: 400;\">Doctora en Derecho y psic\u00f3loga (Universidad de Barcelona).<\/span><\/p>\n<p style=\"text-align: justify;\"><span style=\"font-weight: 400;\">Actualmente es directora de la C\u00e1tedra de Justicia Social y Restaurativa Pere Tarr\u00e9s - Universidad Ramon Llull y Catedr\u00e1tica em\u00e9rita de Derecho Penal y Criminolog\u00eda de la misma Universidad.&nbsp;<\/span><\/p>\n<p style=\"text-align: justify;\"><span style=\"font-weight: 400;\">Presidenta de honor de MetaRed y asesora de Santander Universidades, tambi\u00e9n es miembro del Comit\u00e9 de Bio\u00e9tica de Catalu\u00f1a, Consejera de la Agencia de Calidad del Sistema Universitario (AQU) y Consejera del Banco Santander&nbsp; M\u00e9xico&nbsp;<\/span><\/p>\n<p style=\"text-align: justify;\"><span style=\"font-weight: 400;\">Ha sido profesora invitada en la Fordham University&nbsp;de Nueva York (20012-2013) y en la UNAM de M\u00e9xico (2015)<\/span> <span style=\"font-weight: 400;\">y en el a\u00f1o 2017 se le concedi\u00f3 la C\u00e1tedra Extraordinaria de Justicia Restaurativa&nbsp;Nelson Mandela en favor de la defensa de los derechos de las persones privadas de liberta, por&nbsp; la<\/span> <span style=\"font-weight: 400;\">Comisi\u00f3n Nacional de Derechos Humanos (CNDH).<\/span><\/p>\n<p style=\"text-align: justify;\"><span style=\"font-weight: 400;\">Trabaja en proyectos enmarcados en sus \u00e1reas de especializaci\u00f3n: derecho penal, justicia juvenil, sistemas penitenciarios, criminolog\u00eda, justicia restaurativa, victimolog\u00eda, educaci\u00f3n superior y g\u00e9nero. En estos temas tiene m\u00e1s de 100 publicaciones cient\u00edficas.<\/span><\/p>\n<p style=\"text-align: justify;\"><span style=\"font-weight: 400;\">Entre los cargos que ha ocupado destaca el de Rectora de la Universidad Ramon Llull (2002-2012);&nbsp; Vocal del Consejo General del Poder Judicial (1996-2001) y directora del Centro de Estudios Jur\u00eddicos y Formaci\u00f3n Especializada de la Generalitat de Catalu\u00f1a (1983 a 1993). A nivel internacional destacan, entre otros tambi\u00e9n el de miembro del Board de la European Universities Association (2011-2015) miembro de la comisi\u00f3n trilateral (2006-2018) y miembro del Comit\u00e9 Cient\u00edfico de pol\u00edtica criminal del Consejo de Europa, Estrasburgo (1993 a 1997).<\/span><\/p>\n<p style=\"text-align: justify;\"><span style=\"font-weight: 400;\">Tambi\u00e9n colabora habitualmente en medios de comunicaci\u00f3n como el diario ARA, Catalunya Radio o TV3<\/span><\/p>\n\t\t\t\t<\/div>\n\t\t\t<\/div>\n\t\t<\/div>\n\t\t<\/div>\n<\/div>\n<\/div><\/div><\/div><\/div><\/div><\/div>","protected":false},"excerpt":{"rendered":"<p>Panel sin costo,&nbsp; \u00a1 cupo limitado ! Reg\u00edstrate Registro &nbsp;<\/p>\n","protected":false},"author":1,"featured_media":0,"comment_status":"closed","ping_status":"closed","sticky":false,"template":"","format":"standard","meta":{"_exactmetrics_skip_tracking":false,"_exactmetrics_sitenote_active":false,"_exactmetrics_sitenote_note":"","_exactmetrics_sitenote_category":0,"ngg_post_thumbnail":0,"footnotes":""},"categories":[1],"tags":[],"class_list":["post-4403","post","type-post","status-publish","format-standard","hentry","category-conferencias"],"rttpg_featured_image_url":null,"rttpg_author":{"display_name":"ctrlweb","author_link":"https:\/\/encuentro-tic.anuies.mx\/2021\/author\/ctrlweb\/"},"rttpg_comment":0,"rttpg_category":"<a href=\"https:\/\/encuentro-tic.anuies.mx\/2021\/category\/conferencias\/\" rel=\"category tag\">Conferencias<\/a>","rttpg_excerpt":"Panel sin costo,&nbsp; \u00a1 cupo limitado ! Reg\u00edstrate Registro &nbsp;","_links":{"self":[{"href":"https:\/\/encuentro-tic.anuies.mx\/2021\/wp-json\/wp\/v2\/posts\/4403","targetHints":{"allow":["GET"]}}],"collection":[{"href":"https:\/\/encuentro-tic.anuies.mx\/2021\/wp-json\/wp\/v2\/posts"}],"about":[{"href":"https:\/\/encuentro-tic.anuies.mx\/2021\/wp-json\/wp\/v2\/types\/post"}],"author":[{"embeddable":true,"href":"https:\/\/encuentro-tic.anuies.mx\/2021\/wp-json\/wp\/v2\/users\/1"}],"replies":[{"embeddable":true,"href":"https:\/\/encuentro-tic.anuies.mx\/2021\/wp-json\/wp\/v2\/comments?post=4403"}],"version-history":[{"count":17,"href":"https:\/\/encuentro-tic.anuies.mx\/2021\/wp-json\/wp\/v2\/posts\/4403\/revisions"}],"predecessor-version":[{"id":4701,"href":"https:\/\/encuentro-tic.anuies.mx\/2021\/wp-json\/wp\/v2\/posts\/4403\/revisions\/4701"}],"wp:attachment":[{"href":"https:\/\/encuentro-tic.anuies.mx\/2021\/wp-json\/wp\/v2\/media?parent=4403"}],"wp:term":[{"taxonomy":"category","embeddable":true,"href":"https:\/\/encuentro-tic.anuies.mx\/2021\/wp-json\/wp\/v2\/categories?post=4403"},{"taxonomy":"post_tag","embeddable":true,"href":"https:\/\/encuentro-tic.anuies.mx\/2021\/wp-json\/wp\/v2\/tags?post=4403"}],"curies":[{"name":"wp","href":"https:\/\/api.w.org\/{rel}","templated":true}]}}