{"id":6621,"date":"2020-10-01T15:39:41","date_gmt":"2020-10-01T20:39:41","guid":{"rendered":"https:\/\/encuentro-tic.anuies.mx\/2021\/?p=6621"},"modified":"2020-10-01T16:28:02","modified_gmt":"2020-10-01T21:28:02","slug":"conferencia-el-impacto-irreversible-del-covid-19-en-la-educacion-nuevos-horizontes-y-oportunidades","status":"publish","type":"post","link":"https:\/\/encuentro-tic.anuies.mx\/2020\/blog\/conferencia-el-impacto-irreversible-del-covid-19-en-la-educacion-nuevos-horizontes-y-oportunidades\/","title":{"rendered":"Conferencia \u201cEl Impacto Irreversible del COVID-19 en la Educaci\u00f3n: Nuevos Horizontes y Oportunidades\u201d"},"content":{"rendered":"<div id=\"pl-6621\"  class=\"panel-layout\" ><div id=\"pg-6621-0\"  class=\"panel-grid panel-has-style\" ><div class=\"siteorigin-panels-stretch panel-row-style panel-row-style-for-6621-0\" data-stretch-type=\"full\" ><div id=\"pgc-6621-0-0\"  class=\"panel-grid-cell\" ><div id=\"panel-6621-0-0-0\" class=\"so-panel widget widget_sow-editor panel-first-child panel-last-child\" data-index=\"0\" ><div\n\t\t\t\n\t\t\tclass=\"so-widget-sow-editor so-widget-sow-editor-base\"\n\t\t\t\n\t\t>\n<div class=\"siteorigin-widget-tinymce textwidget\">\n\t<p><img loading=\"lazy\" decoding=\"async\" class=\"aligncenter size-full wp-image-6636\" src=\"data:image\/gif;base64,R0lGODlhAQABAAAAACH5BAEKAAEALAAAAAABAAEAAAICTAEAOw==\" data-layzr=\"https:\/\/encuentro-tic.anuies.mx\/ctrl-content\/uploads\/2020\/10\/fernando_valenzuela_web_med.jpg\" alt=\"\" width=\"600\" height=\"658\" data-layzr-srcset=\"https:\/\/encuentro-tic.anuies.mx\/ctrl-content\/uploads\/sites\/6\/2020\/10\/fernando_valenzuela_web_med.jpg 600w, https:\/\/encuentro-tic.anuies.mx\/ctrl-content\/uploads\/sites\/6\/2020\/10\/fernando_valenzuela_web_med-274x300.jpg 274w\" sizes=\"auto, (max-width: 600px) 100vw, 600px\" \/><\/p>\n<p style=\"text-align: center;\"><strong>Conferencia sin costo ,&nbsp;<\/strong><strong> \u00a1 cupo limitado !<\/strong><\/p>\n<\/div>\n<\/div><\/div><\/div><div id=\"pgc-6621-0-1\"  class=\"panel-grid-cell\" ><div id=\"panel-6621-0-1-0\" class=\"so-panel widget widget_sow-editor panel-first-child panel-last-child\" data-index=\"1\" ><div\n\t\t\t\n\t\t\tclass=\"so-widget-sow-editor so-widget-sow-editor-base\"\n\t\t\t\n\t\t>\n<div class=\"siteorigin-widget-tinymce textwidget\">\n\t<p>Esquema de los mercados clave en la regi\u00f3n LATAM, destacando las caracter\u00edsticas \u00fanicas de cada regi\u00f3n, as\u00ed como las tendencias en toda la regi\u00f3n.<\/p>\n<ul>\n<li>Introducci\u00f3n al Ecosistema LATAM EdTech y cualquier organizaci\u00f3n clave con la que debamos estar familiarizados.<\/li>\n<li>Fernando tambi\u00e9n tocar\u00e1 el LATAM 100 y destacar\u00e1 algunas empresas que han crecido al enfocarse en las necesidades de regiones espec\u00edficas.<\/li>\n<li>Oportunidades clave en el sector EdTech: escuelas, educaci\u00f3n superior y fuerza laboral.<\/li>\n<\/ul>\n<p>&nbsp;<\/p>\n<p style=\"text-align: center;\"><a class=\"fasc-button fasc-size-xlarge fasc-type-flat fasc-rounded-medium\" style=\"background-color: #33809e; color: #ffffff;\" href=\"https:\/\/encuentro-tic.anuies.mx\/blog\/registro\/\">\u00a1 Reg\u00edstrate !<\/a>&nbsp; &nbsp;<\/p>\n<\/div>\n<\/div><\/div><\/div><\/div><\/div><div id=\"pg-6621-1\"  class=\"panel-grid panel-no-style\" ><div id=\"pgc-6621-1-0\"  class=\"panel-grid-cell panel-grid-cell-empty\" ><\/div><\/div><\/div>","protected":false},"excerpt":{"rendered":"<p>Conferencia sin costo ,&nbsp; \u00a1 cupo limitado ! Esquema de los mercados clave en la regi\u00f3n LATAM, destacando las caracter\u00edsticas \u00fanicas de cada regi\u00f3n, as\u00ed como las tendencias en toda la regi\u00f3n. Introducci\u00f3n al Ecosistema LATAM EdTech y cualquier organizaci\u00f3n clave con la que debamos estar familiarizados. Fernando tambi\u00e9n tocar\u00e1 el LATAM 100 y destacar\u00e1 &hellip; <\/p>\n","protected":false},"author":1,"featured_media":6636,"comment_status":"closed","ping_status":"closed","sticky":false,"template":"","format":"standard","meta":{"_exactmetrics_skip_tracking":false,"_exactmetrics_sitenote_active":false,"_exactmetrics_sitenote_note":"","_exactmetrics_sitenote_category":0,"ngg_post_thumbnail":0,"footnotes":""},"categories":[37,41,39],"tags":[],"class_list":["post-6621","post","type-post","status-publish","format-standard","has-post-thumbnail","hentry","category-conferencias","category-jueves-15-de-octubre","category-sala-2-fis-juan-antorio-herreran","latest_post"],"rttpg_featured_image_url":{"full":["https:\/\/encuentro-tic.anuies.mx\/ctrl-content\/uploads\/sites\/6\/2020\/10\/fernando_valenzuela_web_med.jpg",600,658,false],"landscape":["https:\/\/encuentro-tic.anuies.mx\/ctrl-content\/uploads\/sites\/6\/2020\/10\/fernando_valenzuela_web_med.jpg",600,658,false],"portraits":["https:\/\/encuentro-tic.anuies.mx\/ctrl-content\/uploads\/sites\/6\/2020\/10\/fernando_valenzuela_web_med.jpg",600,658,false],"thumbnail":["https:\/\/encuentro-tic.anuies.mx\/ctrl-content\/uploads\/sites\/6\/2020\/10\/fernando_valenzuela_web_med-150x150.jpg",150,150,true],"medium":["https:\/\/encuentro-tic.anuies.mx\/ctrl-content\/uploads\/sites\/6\/2020\/10\/fernando_valenzuela_web_med-274x300.jpg",274,300,true],"large":["https:\/\/encuentro-tic.anuies.mx\/ctrl-content\/uploads\/sites\/6\/2020\/10\/fernando_valenzuela_web_med.jpg",600,658,false],"post-slider-thumb-size":["https:\/\/encuentro-tic.anuies.mx\/ctrl-content\/uploads\/sites\/6\/2020\/10\/fernando_valenzuela_web_med.jpg",173,190,false],"1536x1536":["https:\/\/encuentro-tic.anuies.mx\/ctrl-content\/uploads\/sites\/6\/2020\/10\/fernando_valenzuela_web_med.jpg",600,658,false],"2048x2048":["https:\/\/encuentro-tic.anuies.mx\/ctrl-content\/uploads\/sites\/6\/2020\/10\/fernando_valenzuela_web_med.jpg",600,658,false],"the-conference-banner-slider":["https:\/\/encuentro-tic.anuies.mx\/ctrl-content\/uploads\/sites\/6\/2020\/10\/fernando_valenzuela_web_med.jpg",600,658,false],"the-conference-featured-page":["https:\/\/encuentro-tic.anuies.mx\/ctrl-content\/uploads\/sites\/6\/2020\/10\/fernando_valenzuela_web_med-470x470.jpg",470,470,true],"the-conference-icon-text-image":["https:\/\/encuentro-tic.anuies.mx\/ctrl-content\/uploads\/sites\/6\/2020\/10\/fernando_valenzuela_web_med-585x550.jpg",585,550,true],"the-conference-speaker":["https:\/\/encuentro-tic.anuies.mx\/ctrl-content\/uploads\/sites\/6\/2020\/10\/fernando_valenzuela_web_med-384x467.jpg",384,467,true],"the-conference-gallery":["https:\/\/encuentro-tic.anuies.mx\/ctrl-content\/uploads\/sites\/6\/2020\/10\/fernando_valenzuela_web_med.jpg",600,658,false],"the-conference-experience":["https:\/\/encuentro-tic.anuies.mx\/ctrl-content\/uploads\/sites\/6\/2020\/10\/fernando_valenzuela_web_med-550x350.jpg",550,350,true],"the-conference-blog":["https:\/\/encuentro-tic.anuies.mx\/ctrl-content\/uploads\/sites\/6\/2020\/10\/fernando_valenzuela_web_med-600x519.jpg",600,519,true],"the-conference-blog-fullwidth":["https:\/\/encuentro-tic.anuies.mx\/ctrl-content\/uploads\/sites\/6\/2020\/10\/fernando_valenzuela_web_med-600x519.jpg",600,519,true],"the-conference-related":["https:\/\/encuentro-tic.anuies.mx\/ctrl-content\/uploads\/sites\/6\/2020\/10\/fernando_valenzuela_web_med-110x83.jpg",110,83,true],"the-conference-schema":["https:\/\/encuentro-tic.anuies.mx\/ctrl-content\/uploads\/sites\/6\/2020\/10\/fernando_valenzuela_web_med-600x60.jpg",600,60,true],"wpvr_mobile":["https:\/\/encuentro-tic.anuies.mx\/ctrl-content\/uploads\/sites\/6\/2020\/10\/fernando_valenzuela_web_med.jpg",600,658,false],"sow-carousel-default":["https:\/\/encuentro-tic.anuies.mx\/ctrl-content\/uploads\/sites\/6\/2020\/10\/fernando_valenzuela_web_med-272x182.jpg",272,182,true]},"rttpg_author":{"display_name":"ctrlweb","author_link":"https:\/\/encuentro-tic.anuies.mx\/2020\/blog\/author\/ctrlweb\/"},"rttpg_comment":0,"rttpg_category":"<a href=\"https:\/\/encuentro-tic.anuies.mx\/2020\/blog\/category\/conferencias\/\" rel=\"category tag\">Conferencias<\/a> <a href=\"https:\/\/encuentro-tic.anuies.mx\/2020\/blog\/category\/conferencias\/jueves-15-de-octubre\/\" rel=\"category tag\">Jueves 15 de octubre<\/a> <a href=\"https:\/\/encuentro-tic.anuies.mx\/2020\/blog\/category\/conferencias\/sala-2-fis-juan-antorio-herreran\/\" rel=\"category tag\">Sala Fis. Juan Antorio Herrera Correa<\/a>","rttpg_excerpt":"Conferencia sin costo ,&nbsp; \u00a1 cupo limitado ! Esquema de los mercados clave en la regi\u00f3n LATAM, destacando las caracter\u00edsticas \u00fanicas de cada regi\u00f3n, as\u00ed como las tendencias en toda la regi\u00f3n. Introducci\u00f3n al Ecosistema LATAM EdTech y cualquier organizaci\u00f3n clave con la que debamos estar familiarizados. Fernando tambi\u00e9n tocar\u00e1 el LATAM 100 y destacar\u00e1&hellip;","_links":{"self":[{"href":"https:\/\/encuentro-tic.anuies.mx\/2020\/wp-json\/wp\/v2\/posts\/6621","targetHints":{"allow":["GET"]}}],"collection":[{"href":"https:\/\/encuentro-tic.anuies.mx\/2020\/wp-json\/wp\/v2\/posts"}],"about":[{"href":"https:\/\/encuentro-tic.anuies.mx\/2020\/wp-json\/wp\/v2\/types\/post"}],"author":[{"embeddable":true,"href":"https:\/\/encuentro-tic.anuies.mx\/2020\/wp-json\/wp\/v2\/users\/1"}],"replies":[{"embeddable":true,"href":"https:\/\/encuentro-tic.anuies.mx\/2020\/wp-json\/wp\/v2\/comments?post=6621"}],"version-history":[{"count":9,"href":"https:\/\/encuentro-tic.anuies.mx\/2020\/wp-json\/wp\/v2\/posts\/6621\/revisions"}],"predecessor-version":[{"id":6640,"href":"https:\/\/encuentro-tic.anuies.mx\/2020\/wp-json\/wp\/v2\/posts\/6621\/revisions\/6640"}],"wp:featuredmedia":[{"embeddable":true,"href":"https:\/\/encuentro-tic.anuies.mx\/2020\/wp-json\/wp\/v2\/media\/6636"}],"wp:attachment":[{"href":"https:\/\/encuentro-tic.anuies.mx\/2020\/wp-json\/wp\/v2\/media?parent=6621"}],"wp:term":[{"taxonomy":"category","embeddable":true,"href":"https:\/\/encuentro-tic.anuies.mx\/2020\/wp-json\/wp\/v2\/categories?post=6621"},{"taxonomy":"post_tag","embeddable":true,"href":"https:\/\/encuentro-tic.anuies.mx\/2020\/wp-json\/wp\/v2\/tags?post=6621"}],"curies":[{"name":"wp","href":"https:\/\/api.w.org\/{rel}","templated":true}]}}