{"id":6560,"date":"2020-09-28T19:04:30","date_gmt":"2020-09-29T00:04:30","guid":{"rendered":"https:\/\/encuentro-tic.anuies.mx\/2021\/?p=6560"},"modified":"2020-09-28T19:56:37","modified_gmt":"2020-09-29T00:56:37","slug":"conferencia-magistral-el-internet-derecho-humano-en-el-siglo-xxi","status":"publish","type":"post","link":"https:\/\/encuentro-tic.anuies.mx\/2020\/blog\/conferencia-magistral-el-internet-derecho-humano-en-el-siglo-xxi\/","title":{"rendered":"Conferencia magistral \u201cEl Internet: derecho humano en el siglo XXI\u201d"},"content":{"rendered":"<div id=\"pl-6560\"  class=\"panel-layout\" ><div id=\"pg-6560-0\"  class=\"panel-grid panel-has-style\" ><div class=\"siteorigin-panels-stretch panel-row-style panel-row-style-for-6560-0\" data-stretch-type=\"full\" ><div id=\"pgc-6560-0-0\"  class=\"panel-grid-cell\" ><div id=\"panel-6560-0-0-0\" class=\"so-panel widget widget_sow-editor panel-first-child panel-last-child\" data-index=\"0\" ><div\n\t\t\t\n\t\t\tclass=\"so-widget-sow-editor so-widget-sow-editor-base\"\n\t\t\t\n\t\t>\n<div class=\"siteorigin-widget-tinymce textwidget\">\n\t<p style=\"text-align: center;\"><a href=\"https:\/\/encuentro-tic.anuies.mx\/blog\/registro\/\"><img loading=\"lazy\" decoding=\"async\" class=\"aligncenter size-full wp-image-6561\" src=\"data:image\/gif;base64,R0lGODlhAQABAAAAACH5BAEKAAEALAAAAAABAAEAAAICTAEAOw==\" data-layzr=\"https:\/\/encuentro-tic.anuies.mx\/ctrl-content\/uploads\/2020\/09\/Sara_web_med.jpg\" alt=\"\" width=\"600\" height=\"658\" data-layzr-srcset=\"https:\/\/encuentro-tic.anuies.mx\/ctrl-content\/uploads\/sites\/6\/2020\/09\/Sara_web_med.jpg 600w, https:\/\/encuentro-tic.anuies.mx\/ctrl-content\/uploads\/sites\/6\/2020\/09\/Sara_web_med-274x300.jpg 274w\" sizes=\"auto, (max-width: 600px) 100vw, 600px\" \/><\/a><\/p>\n<p style=\"text-align: center;\"><strong><br \/>\nConferencia sin costo, \u00a1 cupo limitado !<\/strong><\/p>\n<p>&nbsp;<\/p>\n<p style=\"text-align: center;\"><a class=\"fasc-button fasc-size-xlarge fasc-type-flat fasc-rounded-medium\" style=\"background-color: #33809e; color: #ffffff;\" href=\"https:\/\/encuentro-tic.anuies.mx\/blog\/registro\/\">\u00a1 Reg\u00edstrate !<\/a>&nbsp; &nbsp;<\/p>\n<\/div>\n<\/div><\/div><\/div><\/div><\/div><div id=\"pg-6560-1\"  class=\"panel-grid panel-no-style\" ><div id=\"pgc-6560-1-0\"  class=\"panel-grid-cell\" ><div id=\"panel-6560-1-0-0\" class=\"so-panel widget widget_sow-editor panel-first-child panel-last-child\" data-index=\"1\" ><div\n\t\t\t\n\t\t\tclass=\"so-widget-sow-editor so-widget-sow-editor-base\"\n\t\t\t\n\t\t>\n<div class=\"siteorigin-widget-tinymce textwidget\">\n\t<hr \/>\n<p style=\"text-align: center;\"><strong>Sara Ladr\u00f3n de Guevara<\/strong><\/p>\n<p style=\"text-align: justify;\">Licenciada en Antropolog\u00eda, especialidad Arqueolog\u00eda Cum Laude por la UV; Maestra en Historia del Arte y Arqueolog\u00eda por la Universidad de Par\u00eds I, Sorbona; Doctora en Antropolog\u00eda con menci\u00f3n honor\u00edfica por la UNAM.<\/p>\n<p style=\"text-align: justify;\">Cuenta con m\u00e1s de 100 publicaciones nacionales e internacionales entre las que destacan \u201cEl Taj\u00edn. La urbe que representa al orbe\u201d, editado por el FCE y el Colegio de M\u00e9xico y \u201cCulturas del Golfo\u201d, editado por Jaca Book y Conaculta.<\/p>\n<p style=\"text-align: justify;\">Pertenece al Sistema Nacional de Investigadores ininterrumpidamente desde 1993, actualmente en el Nivel II.<\/p>\n<p style=\"text-align: justify;\">Fue suplente del Presidente del Consejo de Arqueolog\u00eda del Instituto Nacional de Antropolog\u00eda e Historia de 1996 a 2005, desde entonces funge como evaluadora externa.<\/p>\n<p style=\"text-align: justify;\">En el 2007 el Instituto Nacional de Antropolog\u00eda e Historia le otorg\u00f3 el premio de Divulgaci\u00f3n al mejor trabajo publicado por su libro \u201cHombres y dioses de El Taj\u00edn\u201d. Fue reconocida como \u201cMujer Veracruzana 2008\u201d por el Congreso del Estado y el Gobierno del Estado de Veracruz.<\/p>\n<p style=\"text-align: justify;\">En 2011 fue distinguida como miembro regular de la Academia Mexicana de Ciencias.&nbsp;<\/p>\n<p style=\"text-align: justify;\">En el 2019 le fue otorgado el \u201cReconocimiento Autonom\u00eda Universitaria\u201d junto con Pablo Gonz\u00e1lez Casanova, Universidad Nacional de C\u00f3rdoba, Argentina y de manera p\u00f3stuma a Fernando Solana Morales, Alfonso Caso Andrade y Baltasar Dromundo Chorne; reconocimiento que se otorga cada 5 a\u00f1os.<\/p>\n<p style=\"text-align: justify;\">Este mismo a\u00f1o recibe la primera Medalla \u201cJorge Carpizo\u201d que otorga la Red de Organismos Defensores de los Derechos Universitarios, en el marco del XVI Encuentro de Organismos Defensores de los Derechos Universitarios, celebrada Universidad Aut\u00f3noma de Coahuila.<\/p>\n<p style=\"text-align: justify;\">Fue Directora del Museo de Antropolog\u00eda de Xalapa (1995-97 y 2005-2013); Secretaria Acad\u00e9mica de la Universidad Veracruzana (1997-2001); y actualmente Rectora de la Universidad Veracruzana (2013-2017 y 2017 a la fecha)<\/p>\n<\/div>\n<\/div><\/div><\/div><\/div><\/div>","protected":false},"excerpt":{"rendered":"<p>Conferencia sin costo, \u00a1 cupo limitado ! &nbsp; \u00a1 Reg\u00edstrate !&nbsp; &nbsp; Sara Ladr\u00f3n de Guevara Licenciada en Antropolog\u00eda, especialidad Arqueolog\u00eda Cum Laude por la UV; Maestra en Historia del Arte y Arqueolog\u00eda por la Universidad de Par\u00eds I, Sorbona; Doctora en Antropolog\u00eda con menci\u00f3n honor\u00edfica por la UNAM. Cuenta con m\u00e1s de 100 publicaciones &hellip; <\/p>\n","protected":false},"author":1,"featured_media":6561,"comment_status":"closed","ping_status":"closed","sticky":false,"template":"","format":"standard","meta":{"_exactmetrics_skip_tracking":false,"_exactmetrics_sitenote_active":false,"_exactmetrics_sitenote_note":"","_exactmetrics_sitenote_category":0,"ngg_post_thumbnail":0,"footnotes":""},"categories":[37,40,38],"tags":[],"class_list":["post-6560","post","type-post","status-publish","format-standard","has-post-thumbnail","hentry","category-conferencias","category-miercoles-14-octubre","category-sala-1-luis-gutierrez","latest_post"],"rttpg_featured_image_url":{"full":["https:\/\/encuentro-tic.anuies.mx\/ctrl-content\/uploads\/sites\/6\/2020\/09\/Sara_web_med.jpg",600,658,false],"landscape":["https:\/\/encuentro-tic.anuies.mx\/ctrl-content\/uploads\/sites\/6\/2020\/09\/Sara_web_med.jpg",600,658,false],"portraits":["https:\/\/encuentro-tic.anuies.mx\/ctrl-content\/uploads\/sites\/6\/2020\/09\/Sara_web_med.jpg",600,658,false],"thumbnail":["https:\/\/encuentro-tic.anuies.mx\/ctrl-content\/uploads\/sites\/6\/2020\/09\/Sara_web_med-150x150.jpg",150,150,true],"medium":["https:\/\/encuentro-tic.anuies.mx\/ctrl-content\/uploads\/sites\/6\/2020\/09\/Sara_web_med-274x300.jpg",274,300,true],"large":["https:\/\/encuentro-tic.anuies.mx\/ctrl-content\/uploads\/sites\/6\/2020\/09\/Sara_web_med.jpg",600,658,false],"post-slider-thumb-size":["https:\/\/encuentro-tic.anuies.mx\/ctrl-content\/uploads\/sites\/6\/2020\/09\/Sara_web_med.jpg",173,190,false],"1536x1536":["https:\/\/encuentro-tic.anuies.mx\/ctrl-content\/uploads\/sites\/6\/2020\/09\/Sara_web_med.jpg",600,658,false],"2048x2048":["https:\/\/encuentro-tic.anuies.mx\/ctrl-content\/uploads\/sites\/6\/2020\/09\/Sara_web_med.jpg",600,658,false],"the-conference-banner-slider":["https:\/\/encuentro-tic.anuies.mx\/ctrl-content\/uploads\/sites\/6\/2020\/09\/Sara_web_med.jpg",600,658,false],"the-conference-featured-page":["https:\/\/encuentro-tic.anuies.mx\/ctrl-content\/uploads\/sites\/6\/2020\/09\/Sara_web_med-470x470.jpg",470,470,true],"the-conference-icon-text-image":["https:\/\/encuentro-tic.anuies.mx\/ctrl-content\/uploads\/sites\/6\/2020\/09\/Sara_web_med-585x550.jpg",585,550,true],"the-conference-speaker":["https:\/\/encuentro-tic.anuies.mx\/ctrl-content\/uploads\/sites\/6\/2020\/09\/Sara_web_med-384x467.jpg",384,467,true],"the-conference-gallery":["https:\/\/encuentro-tic.anuies.mx\/ctrl-content\/uploads\/sites\/6\/2020\/09\/Sara_web_med.jpg",600,658,false],"the-conference-experience":["https:\/\/encuentro-tic.anuies.mx\/ctrl-content\/uploads\/sites\/6\/2020\/09\/Sara_web_med-550x350.jpg",550,350,true],"the-conference-blog":["https:\/\/encuentro-tic.anuies.mx\/ctrl-content\/uploads\/sites\/6\/2020\/09\/Sara_web_med-600x519.jpg",600,519,true],"the-conference-blog-fullwidth":["https:\/\/encuentro-tic.anuies.mx\/ctrl-content\/uploads\/sites\/6\/2020\/09\/Sara_web_med-600x519.jpg",600,519,true],"the-conference-related":["https:\/\/encuentro-tic.anuies.mx\/ctrl-content\/uploads\/sites\/6\/2020\/09\/Sara_web_med-110x83.jpg",110,83,true],"the-conference-schema":["https:\/\/encuentro-tic.anuies.mx\/ctrl-content\/uploads\/sites\/6\/2020\/09\/Sara_web_med-600x60.jpg",600,60,true],"wpvr_mobile":["https:\/\/encuentro-tic.anuies.mx\/ctrl-content\/uploads\/sites\/6\/2020\/09\/Sara_web_med.jpg",600,658,false],"sow-carousel-default":["https:\/\/encuentro-tic.anuies.mx\/ctrl-content\/uploads\/sites\/6\/2020\/09\/Sara_web_med-272x182.jpg",272,182,true]},"rttpg_author":{"display_name":"ctrlweb","author_link":"https:\/\/encuentro-tic.anuies.mx\/2020\/blog\/author\/ctrlweb\/"},"rttpg_comment":0,"rttpg_category":"<a href=\"https:\/\/encuentro-tic.anuies.mx\/2020\/blog\/category\/conferencias\/\" rel=\"category tag\">Conferencias<\/a> <a href=\"https:\/\/encuentro-tic.anuies.mx\/2020\/blog\/category\/conferencias\/miercoles-14-octubre\/\" rel=\"category tag\">Mi\u00e9rcoles 14 Octubre<\/a> <a href=\"https:\/\/encuentro-tic.anuies.mx\/2020\/blog\/category\/conferencias\/sala-1-luis-gutierrez\/\" rel=\"category tag\">Sala Dr. Luis Gutierr\u00e9z D\u00edaz de Le\u00f3n<\/a>","rttpg_excerpt":"Conferencia sin costo, \u00a1 cupo limitado ! &nbsp; \u00a1 Reg\u00edstrate !&nbsp; &nbsp; Sara Ladr\u00f3n de Guevara Licenciada en Antropolog\u00eda, especialidad Arqueolog\u00eda Cum Laude por la UV; Maestra en Historia del Arte y Arqueolog\u00eda por la Universidad de Par\u00eds I, Sorbona; Doctora en Antropolog\u00eda con menci\u00f3n honor\u00edfica por la UNAM. Cuenta con m\u00e1s de 100 publicaciones&hellip;","_links":{"self":[{"href":"https:\/\/encuentro-tic.anuies.mx\/2020\/wp-json\/wp\/v2\/posts\/6560","targetHints":{"allow":["GET"]}}],"collection":[{"href":"https:\/\/encuentro-tic.anuies.mx\/2020\/wp-json\/wp\/v2\/posts"}],"about":[{"href":"https:\/\/encuentro-tic.anuies.mx\/2020\/wp-json\/wp\/v2\/types\/post"}],"author":[{"embeddable":true,"href":"https:\/\/encuentro-tic.anuies.mx\/2020\/wp-json\/wp\/v2\/users\/1"}],"replies":[{"embeddable":true,"href":"https:\/\/encuentro-tic.anuies.mx\/2020\/wp-json\/wp\/v2\/comments?post=6560"}],"version-history":[{"count":3,"href":"https:\/\/encuentro-tic.anuies.mx\/2020\/wp-json\/wp\/v2\/posts\/6560\/revisions"}],"predecessor-version":[{"id":6566,"href":"https:\/\/encuentro-tic.anuies.mx\/2020\/wp-json\/wp\/v2\/posts\/6560\/revisions\/6566"}],"wp:featuredmedia":[{"embeddable":true,"href":"https:\/\/encuentro-tic.anuies.mx\/2020\/wp-json\/wp\/v2\/media\/6561"}],"wp:attachment":[{"href":"https:\/\/encuentro-tic.anuies.mx\/2020\/wp-json\/wp\/v2\/media?parent=6560"}],"wp:term":[{"taxonomy":"category","embeddable":true,"href":"https:\/\/encuentro-tic.anuies.mx\/2020\/wp-json\/wp\/v2\/categories?post=6560"},{"taxonomy":"post_tag","embeddable":true,"href":"https:\/\/encuentro-tic.anuies.mx\/2020\/wp-json\/wp\/v2\/tags?post=6560"}],"curies":[{"name":"wp","href":"https:\/\/api.w.org\/{rel}","templated":true}]}}