{"id":6402,"date":"2020-09-17T15:21:50","date_gmt":"2020-09-17T20:21:50","guid":{"rendered":"https:\/\/encuentro-tic.anuies.mx\/2021\/?p=6402"},"modified":"2020-09-30T22:05:50","modified_gmt":"2020-10-01T03:05:50","slug":"conferencia-magistral-los-desafios-en-la-busqueda-de-un-nuevo-modelo-educativo-post-pandemia","status":"publish","type":"post","link":"https:\/\/encuentro-tic.anuies.mx\/2020\/blog\/conferencia-magistral-los-desafios-en-la-busqueda-de-un-nuevo-modelo-educativo-post-pandemia\/","title":{"rendered":"Conferencia magistral \u201cLos Desaf\u00edos en la B\u00fasqueda de un Nuevo Modelo Educativo Post Pandemia\u201d"},"content":{"rendered":"<div id=\"pl-6402\"  class=\"panel-layout\" ><div id=\"pg-6402-0\"  class=\"panel-grid panel-has-style\" ><div class=\"siteorigin-panels-stretch panel-row-style panel-row-style-for-6402-0\" data-stretch-type=\"full\" ><div id=\"pgc-6402-0-0\"  class=\"panel-grid-cell\" ><div id=\"panel-6402-0-0-0\" class=\"so-panel widget widget_sow-editor panel-first-child panel-last-child\" data-index=\"0\" ><div\n\t\t\t\n\t\t\tclass=\"so-widget-sow-editor so-widget-sow-editor-base\"\n\t\t\t\n\t\t>\n<div class=\"siteorigin-widget-tinymce textwidget\">\n\t<p style=\"text-align: center;\"><a href=\"https:\/\/encuentro-tic.anuies.mx\/blog\/registro\/\"><img loading=\"lazy\" decoding=\"async\" class=\"aligncenter size-full wp-image-6554\" src=\"data:image\/gif;base64,R0lGODlhAQABAAAAACH5BAEKAAEALAAAAAABAAEAAAICTAEAOw==\" data-layzr=\"https:\/\/encuentro-tic.anuies.mx\/ctrl-content\/uploads\/2020\/09\/Jamil_web_med-2.jpg\" alt=\"\" width=\"600\" height=\"673\" data-layzr-srcset=\"https:\/\/encuentro-tic.anuies.mx\/ctrl-content\/uploads\/sites\/6\/2020\/09\/Jamil_web_med-2.jpg 600w, https:\/\/encuentro-tic.anuies.mx\/ctrl-content\/uploads\/sites\/6\/2020\/09\/Jamil_web_med-2-267x300.jpg 267w\" sizes=\"auto, (max-width: 600px) 100vw, 600px\" \/><\/a><br \/>\n<strong>Conferencia sin costo, cupo limitado !<\/strong><\/p>\n<\/div>\n<\/div><\/div><\/div><div id=\"pgc-6402-0-1\"  class=\"panel-grid-cell\" ><div id=\"panel-6402-0-1-0\" class=\"so-panel widget widget_sow-editor panel-first-child panel-last-child\" data-index=\"1\" ><div\n\t\t\t\n\t\t\tclass=\"so-widget-sow-editor so-widget-sow-editor-base\"\n\t\t\t\n\t\t>\n<div class=\"siteorigin-widget-tinymce textwidget\">\n\t<p><strong><span style=\"color: #003366;\">\u00bf C\u00f3mo las universidades han reaccionado y han tratado de superar los nuevos desaf\u00edos que han surgido a ra\u00edz de esta crisis?<\/span><\/strong><\/p>\n<p><strong><span style=\"color: #003366;\">\u00bfC\u00f3mo deben prepararse los gobiernos y las universidades&nbsp; para el futuro post-pandemia?<\/span><\/strong><\/p>\n<p><strong><span style=\"color: #003366;\">\u00bfQu\u00e9 nuevos modelos educativos y econ\u00f3micos se pueden dise\u00f1ar para ofrecer una educaci\u00f3n de mejor calidad y fortalecer las instituciones de educaci\u00f3n superior en el largo plazo?<\/span><\/strong><\/p>\n<p style=\"text-align: center;\"><a class=\"fasc-button fasc-size-xlarge fasc-type-flat fasc-rounded-medium\" style=\"background-color: #33809e; color: #ffffff;\" href=\"https:\/\/encuentro-tic.anuies.mx\/blog\/registro\/\">\u00a1 Reg\u00edstrate !<\/a>&nbsp; &nbsp;<\/p>\n<\/div>\n<\/div><\/div><\/div><\/div><\/div><div id=\"pg-6402-1\"  class=\"panel-grid panel-no-style\" ><div id=\"pgc-6402-1-0\"  class=\"panel-grid-cell\" ><div id=\"panel-6402-1-0-0\" class=\"so-panel widget widget_sow-editor panel-first-child panel-last-child\" data-index=\"2\" ><div\n\t\t\t\n\t\t\tclass=\"so-widget-sow-editor so-widget-sow-editor-base\"\n\t\t\t\n\t\t>\n<div class=\"siteorigin-widget-tinymce textwidget\">\n\t<p style=\"text-align: center;\"><strong>Jamil Salmi<\/strong><\/p>\n<p style=\"text-align: justify;\">Jamil Salmi es experto internacional en el desarrollo de los sistemas de educaci\u00f3n superior y en la transformaci\u00f3n de las universidades.&nbsp; Trabaja actualmente como consultor independiente de gobiernos, agencias de cooperaci\u00f3n y universidades, despu\u00e9s de haber cumplido por muchos a\u00f1os el rol de coordinador de los programas de educaci\u00f3n superior del Banco Mundial.&nbsp; Es el autor principal del \u00faltimo documento de pol\u00edticas del Banco Mundial sobre educaci\u00f3n superior: <em>Construir Sociedades de Conocimiento: Nuevos Desaf\u00edos para la Educaci\u00f3n <\/em>Superior (2003).&nbsp; Su libro, <em>El Camino Hacia la Excelencia Acad\u00e9mica: La Creaci\u00f3n de Universidades de Investigaci\u00f3n de Rango Mundial<\/em>, fue publicado en septiembre del 2011.&nbsp; Su libro anterior, <em>El Desaf\u00edo de Crear Universidades de Rango Mundial,<\/em> fue publicado en febrero del 2009. &nbsp;En 2017 escribi\u00f3 a pedido de las Naciones Unidas un libro sobre el papel de la educaci\u00f3n superior para lograr los Objetivos Sostenibles del Desarrollo.&nbsp;<\/p>\n<p style=\"text-align: justify;\">En los \u00faltimos 25 a\u00f1os, el Dr. Salmi ha prestado asesor\u00eda t\u00e9cnica en reforma y desarrollo de la educaci\u00f3n superior en m\u00e1s de cien pa\u00edses en todas partes del mundo. &nbsp;El Dr. Salmi es miembro de la junta de asesor\u00eda internacional de varias universidades en Europa, Asia y Am\u00e9rica latina.&nbsp; Es profesor em\u00e9rito de pol\u00edticas de educaci\u00f3n superior de la Universidad Diego Portales en Chile y investigador asociado del Centro Internacional de Educaci\u00f3n Superior del Boston College en EEUU<\/p>\n<p>.<\/p>\n<\/div>\n<\/div><\/div><\/div><\/div><\/div>","protected":false},"excerpt":{"rendered":"<p>Conferencia sin costo, cupo limitado ! \u00bf C\u00f3mo las universidades han reaccionado y han tratado de superar los nuevos desaf\u00edos que han surgido a ra\u00edz de esta crisis? \u00bfC\u00f3mo deben prepararse los gobiernos y las universidades&nbsp; para el futuro post-pandemia? \u00bfQu\u00e9 nuevos modelos educativos y econ\u00f3micos se pueden dise\u00f1ar para ofrecer una educaci\u00f3n de mejor &hellip; <\/p>\n","protected":false},"author":1,"featured_media":6394,"comment_status":"closed","ping_status":"closed","sticky":false,"template":"","format":"standard","meta":{"_exactmetrics_skip_tracking":false,"_exactmetrics_sitenote_active":false,"_exactmetrics_sitenote_note":"","_exactmetrics_sitenote_category":0,"ngg_post_thumbnail":0,"footnotes":""},"categories":[37,38,42],"tags":[],"class_list":["post-6402","post","type-post","status-publish","format-standard","has-post-thumbnail","hentry","category-conferencias","category-sala-1-luis-gutierrez","category-viernes-16-de-octubre","latest_post"],"rttpg_featured_image_url":{"full":["https:\/\/encuentro-tic.anuies.mx\/ctrl-content\/uploads\/sites\/6\/2020\/09\/CONFERENCIA-Los-Desafios-En-La-Busqueda.jpg",500,500,false],"landscape":["https:\/\/encuentro-tic.anuies.mx\/ctrl-content\/uploads\/sites\/6\/2020\/09\/CONFERENCIA-Los-Desafios-En-La-Busqueda.jpg",500,500,false],"portraits":["https:\/\/encuentro-tic.anuies.mx\/ctrl-content\/uploads\/sites\/6\/2020\/09\/CONFERENCIA-Los-Desafios-En-La-Busqueda.jpg",500,500,false],"thumbnail":["https:\/\/encuentro-tic.anuies.mx\/ctrl-content\/uploads\/sites\/6\/2020\/09\/CONFERENCIA-Los-Desafios-En-La-Busqueda-150x150.jpg",150,150,true],"medium":["https:\/\/encuentro-tic.anuies.mx\/ctrl-content\/uploads\/sites\/6\/2020\/09\/CONFERENCIA-Los-Desafios-En-La-Busqueda-300x300.jpg",300,300,true],"large":["https:\/\/encuentro-tic.anuies.mx\/ctrl-content\/uploads\/sites\/6\/2020\/09\/CONFERENCIA-Los-Desafios-En-La-Busqueda.jpg",500,500,false],"post-slider-thumb-size":["https:\/\/encuentro-tic.anuies.mx\/ctrl-content\/uploads\/sites\/6\/2020\/09\/CONFERENCIA-Los-Desafios-En-La-Busqueda.jpg",190,190,false],"1536x1536":["https:\/\/encuentro-tic.anuies.mx\/ctrl-content\/uploads\/sites\/6\/2020\/09\/CONFERENCIA-Los-Desafios-En-La-Busqueda.jpg",500,500,false],"2048x2048":["https:\/\/encuentro-tic.anuies.mx\/ctrl-content\/uploads\/sites\/6\/2020\/09\/CONFERENCIA-Los-Desafios-En-La-Busqueda.jpg",500,500,false],"the-conference-banner-slider":["https:\/\/encuentro-tic.anuies.mx\/ctrl-content\/uploads\/sites\/6\/2020\/09\/CONFERENCIA-Los-Desafios-En-La-Busqueda.jpg",500,500,false],"the-conference-featured-page":["https:\/\/encuentro-tic.anuies.mx\/ctrl-content\/uploads\/sites\/6\/2020\/09\/CONFERENCIA-Los-Desafios-En-La-Busqueda-470x470.jpg",470,470,true],"the-conference-icon-text-image":["https:\/\/encuentro-tic.anuies.mx\/ctrl-content\/uploads\/sites\/6\/2020\/09\/CONFERENCIA-Los-Desafios-En-La-Busqueda.jpg",500,500,false],"the-conference-speaker":["https:\/\/encuentro-tic.anuies.mx\/ctrl-content\/uploads\/sites\/6\/2020\/09\/CONFERENCIA-Los-Desafios-En-La-Busqueda-384x467.jpg",384,467,true],"the-conference-gallery":["https:\/\/encuentro-tic.anuies.mx\/ctrl-content\/uploads\/sites\/6\/2020\/09\/CONFERENCIA-Los-Desafios-En-La-Busqueda.jpg",500,500,false],"the-conference-experience":["https:\/\/encuentro-tic.anuies.mx\/ctrl-content\/uploads\/sites\/6\/2020\/09\/CONFERENCIA-Los-Desafios-En-La-Busqueda-500x350.jpg",500,350,true],"the-conference-blog":["https:\/\/encuentro-tic.anuies.mx\/ctrl-content\/uploads\/sites\/6\/2020\/09\/CONFERENCIA-Los-Desafios-En-La-Busqueda.jpg",500,500,false],"the-conference-blog-fullwidth":["https:\/\/encuentro-tic.anuies.mx\/ctrl-content\/uploads\/sites\/6\/2020\/09\/CONFERENCIA-Los-Desafios-En-La-Busqueda.jpg",500,500,false],"the-conference-related":["https:\/\/encuentro-tic.anuies.mx\/ctrl-content\/uploads\/sites\/6\/2020\/09\/CONFERENCIA-Los-Desafios-En-La-Busqueda-110x83.jpg",110,83,true],"the-conference-schema":["https:\/\/encuentro-tic.anuies.mx\/ctrl-content\/uploads\/sites\/6\/2020\/09\/CONFERENCIA-Los-Desafios-En-La-Busqueda-500x60.jpg",500,60,true],"wpvr_mobile":["https:\/\/encuentro-tic.anuies.mx\/ctrl-content\/uploads\/sites\/6\/2020\/09\/CONFERENCIA-Los-Desafios-En-La-Busqueda.jpg",500,500,false],"sow-carousel-default":["https:\/\/encuentro-tic.anuies.mx\/ctrl-content\/uploads\/sites\/6\/2020\/09\/CONFERENCIA-Los-Desafios-En-La-Busqueda-272x182.jpg",272,182,true]},"rttpg_author":{"display_name":"ctrlweb","author_link":"https:\/\/encuentro-tic.anuies.mx\/2020\/blog\/author\/ctrlweb\/"},"rttpg_comment":0,"rttpg_category":"<a href=\"https:\/\/encuentro-tic.anuies.mx\/2020\/blog\/category\/conferencias\/\" rel=\"category tag\">Conferencias<\/a> <a href=\"https:\/\/encuentro-tic.anuies.mx\/2020\/blog\/category\/conferencias\/sala-1-luis-gutierrez\/\" rel=\"category tag\">Sala Dr. Luis Gutierr\u00e9z D\u00edaz de Le\u00f3n<\/a> <a href=\"https:\/\/encuentro-tic.anuies.mx\/2020\/blog\/category\/conferencias\/viernes-16-de-octubre\/\" rel=\"category tag\">Viernes 16 de octubre<\/a>","rttpg_excerpt":"Conferencia sin costo, cupo limitado ! \u00bf C\u00f3mo las universidades han reaccionado y han tratado de superar los nuevos desaf\u00edos que han surgido a ra\u00edz de esta crisis? \u00bfC\u00f3mo deben prepararse los gobiernos y las universidades&nbsp; para el futuro post-pandemia? \u00bfQu\u00e9 nuevos modelos educativos y econ\u00f3micos se pueden dise\u00f1ar para ofrecer una educaci\u00f3n de mejor&hellip;","_links":{"self":[{"href":"https:\/\/encuentro-tic.anuies.mx\/2020\/wp-json\/wp\/v2\/posts\/6402","targetHints":{"allow":["GET"]}}],"collection":[{"href":"https:\/\/encuentro-tic.anuies.mx\/2020\/wp-json\/wp\/v2\/posts"}],"about":[{"href":"https:\/\/encuentro-tic.anuies.mx\/2020\/wp-json\/wp\/v2\/types\/post"}],"author":[{"embeddable":true,"href":"https:\/\/encuentro-tic.anuies.mx\/2020\/wp-json\/wp\/v2\/users\/1"}],"replies":[{"embeddable":true,"href":"https:\/\/encuentro-tic.anuies.mx\/2020\/wp-json\/wp\/v2\/comments?post=6402"}],"version-history":[{"count":14,"href":"https:\/\/encuentro-tic.anuies.mx\/2020\/wp-json\/wp\/v2\/posts\/6402\/revisions"}],"predecessor-version":[{"id":6606,"href":"https:\/\/encuentro-tic.anuies.mx\/2020\/wp-json\/wp\/v2\/posts\/6402\/revisions\/6606"}],"wp:featuredmedia":[{"embeddable":true,"href":"https:\/\/encuentro-tic.anuies.mx\/2020\/wp-json\/wp\/v2\/media\/6394"}],"wp:attachment":[{"href":"https:\/\/encuentro-tic.anuies.mx\/2020\/wp-json\/wp\/v2\/media?parent=6402"}],"wp:term":[{"taxonomy":"category","embeddable":true,"href":"https:\/\/encuentro-tic.anuies.mx\/2020\/wp-json\/wp\/v2\/categories?post=6402"},{"taxonomy":"post_tag","embeddable":true,"href":"https:\/\/encuentro-tic.anuies.mx\/2020\/wp-json\/wp\/v2\/tags?post=6402"}],"curies":[{"name":"wp","href":"https:\/\/api.w.org\/{rel}","templated":true}]}}