{"id":5373,"date":"2020-06-22T23:54:00","date_gmt":"2020-06-23T05:54:00","guid":{"rendered":"https:\/\/encuentro-tic.anuies.mx\/2021\/?p=5373"},"modified":"2020-07-20T17:52:31","modified_gmt":"2020-07-20T22:52:31","slug":"innovacion-y-actualizacion-de-procesos-de-aprendizaje-con-microsoft-teams","status":"publish","type":"post","link":"https:\/\/encuentro-tic.anuies.mx\/2020\/blog\/innovacion-y-actualizacion-de-procesos-de-aprendizaje-con-microsoft-teams\/","title":{"rendered":"Innovaci\u00f3n y actualizaci\u00f3n de procesos de aprendizaje con Microsoft Teams"},"content":{"rendered":"<div id=\"pl-5373\"  class=\"panel-layout\" ><div id=\"pg-5373-0\"  class=\"panel-grid panel-no-style\" ><div id=\"pgc-5373-0-0\"  class=\"panel-grid-cell\" ><div id=\"panel-5373-0-0-0\" class=\"so-panel widget widget_sow-editor panel-first-child panel-last-child\" data-index=\"0\" ><div\n\t\t\t\n\t\t\tclass=\"so-widget-sow-editor so-widget-sow-editor-base\"\n\t\t\t\n\t\t>\n<div class=\"siteorigin-widget-tinymce textwidget\">\n\t<h3><span style=\"color: #003366;\"><strong>I. Datos generales:<\/strong><\/span><\/h3>\n<table style=\"height: 240px; width: 100%; border-collapse: collapse; background-color: #f5eded;\" border=\"0\" cellspacing=\"0\" cellpadding=\"0\">\n<tbody>\n<tr style=\"height: 24px;\">\n<td style=\"width: 34.2639%; height: 24px;\" width=\"165\"><strong>T\u00edtulo:<\/strong><\/td>\n<td style=\"width: 65.7361%; height: 24px;\"><strong>Innovaci\u00f3n y actualizaci\u00f3n de procesos de aprendizaje con Teams<\/strong><\/td>\n<\/tr>\n<tr style=\"height: 24px;\">\n<td style=\"width: 34.2639%; height: 24px;\" width=\"165\"><strong>Instructor o docente:<\/strong><\/td>\n<td style=\"width: 65.7361%; height: 24px;\"><strong>Ediel Cortes:&nbsp;&nbsp;<\/strong> ecortes@dchkw.com.mx<br \/>\n<strong>Mariana M\u00e9ndez Rodr\u00edguez<\/strong> :&nbsp; &nbsp;v-mmende@microsoft.com<\/td>\n<\/tr>\n<tr>\n<td style=\"width: 34.2639%;\"><strong>Duraci\u00f3n:<\/strong><\/td>\n<td style=\"width: 65.7361%;\"><strong>10 horas<\/strong><\/td>\n<\/tr>\n<tr style=\"height: 24px;\">\n<td style=\"width: 34.2639%; height: 24px;\" width=\"165\"><strong>\u00c1rea:<\/strong><\/td>\n<td style=\"width: 65.7361%; height: 24px;\">Formaci\u00f3n para la docencia, Formaci\u00f3n para la gesti\u00f3n universitaria<\/td>\n<\/tr>\n<tr>\n<td style=\"width: 34.2639%;\"><strong>Modalidad de impartici\u00f3n:<\/strong><\/td>\n<td style=\"width: 65.7361%;\"><strong>&nbsp;<\/strong>A distancia<\/td>\n<\/tr>\n<tr style=\"height: 48px;\">\n<td style=\"width: 34.2639%; height: 48px;\" width=\"165\"><strong>Periodo:<\/strong><\/td>\n<td style=\"width: 65.7361%; height: 48px;\">Del 29 de septiembre al 13 de Octubre de 2020.<\/td>\n<\/tr>\n<\/tbody>\n<\/table>\n<\/div>\n<\/div><\/div><\/div><div id=\"pgc-5373-0-1\"  class=\"panel-grid-cell\" ><div id=\"panel-5373-0-1-0\" class=\"so-panel widget widget_sow-editor panel-first-child panel-last-child\" data-index=\"1\" ><div\n\t\t\t\n\t\t\tclass=\"so-widget-sow-editor so-widget-sow-editor-base\"\n\t\t\t\n\t\t>\n<div class=\"siteorigin-widget-tinymce textwidget\">\n\t<hr>\n<p style=\"text-align: right;\"><a class=\"fasc-button fasc-size-medium fasc-type-flat fasc-rounded-medium fasc-ico-before dashicons-admin-site\" style=\"background-color: #33809e; color: #ffffff;\" target=\"_blank\" rel=\"noopener\" href=\"https:\/\/encuentro-tic.anuies.mx\/ctrl-content\/uploads\/2020\/07\/Calendario_talleres_v3.pdf\">Programa de talleres<\/a><\/p>\n<hr>\n<p style=\"text-align: right;\"><a class=\"fasc-button fasc-size-medium fasc-type-flat fasc-rounded-medium fasc-ico-before dashicons-admin-generic\" style=\"background-color: #339e3c; color: #ffffff;\" target=\"_blank\" rel=\"noopener\" href=\"https:\/\/encuentro-tic.anuies.mx\/ctrl-content\/uploads\/2020\/07\/politica_de_talleres.pdf\">Pol\u00edtica de talleres<\/a><\/p>\n<hr>\n<p style=\"text-align: right;\"><a class=\"fasc-button fasc-size-medium fasc-type-flat fasc-rounded-medium fasc-ico-before dashicons-admin-site\" style=\"background-color: #8c263f; color: #ffffff;\" href=\"https:\/\/encuentro-tic.anuies.mx\/blog\/registro\/\">Registro<\/a><\/p>\n<\/div>\n<\/div><\/div><\/div><\/div><div id=\"pg-5373-1\"  class=\"panel-grid panel-no-style\" ><div id=\"pgc-5373-1-0\"  class=\"panel-grid-cell\" ><div id=\"panel-5373-1-0-0\" class=\"so-panel widget widget_sow-editor panel-first-child panel-last-child\" data-index=\"2\" ><div\n\t\t\t\n\t\t\tclass=\"so-widget-sow-editor so-widget-sow-editor-base\"\n\t\t\t\n\t\t>\n<div class=\"siteorigin-widget-tinymce textwidget\">\n\t<h3><span style=\"color: #003366;\"><strong>II. Descripci\u00f3n:<\/strong><\/span><\/h3>\n<p><strong>Destinatarios:<\/strong><\/p>\n<p>El taller est\u00e1 dirigido a todos los participantes de ANUIES<\/p>\n<ul>\n<li>Directivos<\/li>\n<li>Tomadores de decisiones de TI<\/li>\n<li>Coordinadores<\/li>\n<li>Docentes<\/li>\n<\/ul>\n<p>&nbsp;<\/p>\n<p><strong>Objetivo(s) o competencia(s):<\/strong><\/p>\n<p><strong>&nbsp;<\/strong><strong>Prop\u00f3sito general:<\/strong><\/p>\n<p>El participante aplicar\u00e1 procedimientos sobre el uso de herramientas y recursos digitales de Office 365 para promover una cultura de colaboraci\u00f3n y comunicaci\u00f3n basada en el uso de las tecnolog\u00edas y recursos digitales que impacten su trabajo en el aula.<\/p>\n<p><strong>Objetivo:<\/strong><\/p>\n<p>Este taller le dar\u00e1 una visi\u00f3n actualizada de Microsoft Teams como herramienta de colaboraci\u00f3n en el aula y espacios de trabajo alternos, que permite la administraci\u00f3n del tiempo, a partir de la eficiente gesti\u00f3n de actividades y herramientas de apoyo en la clase.<\/p>\n<p>&nbsp;<\/p>\n<p><strong>Metodolog\u00eda y actividades a realizar:<\/strong><\/p>\n<p>Los escenarios de aprendizaje que se abordaran en las sesiones del curso Microsoft Teams: Escenarios y estrategias de Ense\u00f1anza-Aprendizaje a distancia.<\/p>\n<p><strong>Microsoft Teams. Procesos de comunicaci\u00f3n y seguimiento.<\/strong><\/p>\n<ul>\n<li>Crear y administrar grupos de clase, comunicaci\u00f3n y colaboraci\u00f3n\n<ul>\n<li><em>Crear grupo de clase<\/em><\/li>\n<li><em>Explicar barra&nbsp;&nbsp;&nbsp; de&nbsp;&nbsp;&nbsp; funciones&nbsp;&nbsp;&nbsp; izquierda&nbsp;&nbsp;&nbsp; (Actividad,&nbsp;&nbsp;&nbsp; Chat,&nbsp;&nbsp;&nbsp; Equipos, Calendario)<\/em><\/li>\n<li><em>Explicar configuraci\u00f3n de idioma y notificaciones<\/em><\/li>\n<li><em>Crear c\u00f3digo de equipo<\/em><\/li>\n<li><em>Administrar permisos de miembros<\/em><\/li>\n<\/ul>\n<\/li>\n<li>Creaci\u00f3n de anuncios masivos\n<ul>\n<li>Crear anuncios en apartado publicaciones<\/li>\n<\/ul>\n<\/li>\n<li>Manejo de chats y grupos de comunicaci\u00f3n\n<ul>\n<li><em>Crear un chat con varios usuarios<\/em><\/li>\n<li><em>Mostrar c\u00f3mo se comparten archivos<\/em><\/li>\n<li><em>Mostrar mensajes urgentes e importantes<\/em><\/li>\n<\/ul>\n<\/li>\n<li>Realizar videoconferencias en l\u00ednea\n<ul>\n<li><em>Agendar videoconferencia<\/em><\/li>\n<li><em>Configurar permisos de la sesi\u00f3n<\/em><\/li>\n<li><em>Mostrar grabaci\u00f3n<\/em><\/li>\n<li><em>Mostrar como compartir archivos<\/em><\/li>\n<li><em>Ingresar como usuario asistente y mostrar ambos usuarios<\/em><\/li>\n<li><em>Mostrar verificaci\u00f3n de dispositivos de audio y micr\u00f3fono<\/em><\/li>\n<li><em>Mostrar grabaci\u00f3n en publicaciones, compartir y acceso p\u00fablico<\/em><\/li>\n<\/ul>\n<\/li>\n<li>Carga y edici\u00f3n de documentos\n<ul>\n<li><em>Crear carpetas<\/em><\/li>\n<li><em>Cargar archivos<\/em><\/li>\n<li><em>Otorgar permisos a archivos (Ocultos, Ver y Editar)<\/em><\/li>\n<li><em>Mostrar edici\u00f3n colectiva de archivos<\/em><\/li>\n<li><em>Agregar espacio de almacenamiento en nube<\/em><\/li>\n<\/ul>\n<\/li>\n<\/ul>\n<p><em>&nbsp;<\/em><\/p>\n<p><strong>Mecanismo y criterios de evaluaci\u00f3n:<\/strong><\/p>\n<p>La constancia se entregar\u00e1 con el 100% de asistencia y le entrega de dos evidencias. Al finalizar la sesi\u00f3n se completar\u00e1 una actividad misma que los<\/p>\n<p>&nbsp;<\/p>\n<h3><span style=\"color: #003366;\">III.&nbsp;&nbsp;&nbsp; Temario:<\/span><\/h3>\n<p>Listar temas y estructura del taller, de ser posible dividido por sesi\u00f3n<\/p>\n<p>&nbsp;<\/p>\n<table>\n<tbody>\n<tr>\n<td width=\"64\"><strong>D\u00eda<\/strong><\/td>\n<td width=\"109\"><strong>Fecha<\/strong><\/td>\n<td width=\"221\"><strong>Tema<\/strong><\/td>\n<td width=\"195\"><strong>Horario<\/strong><\/td>\n<\/tr>\n<tr>\n<td width=\"64\">&nbsp;<\/p>\n<p>martes<\/p>\n<\/td>\n<td width=\"109\">29 de<\/p>\n<p>septiembre<\/p>\n<\/td>\n<td width=\"221\">Funcioanes b\u00e1sicas de O365<\/p>\n<p>videoconferencias &amp; Stream<\/p>\n<\/td>\n<td width=\"195\">&nbsp;<\/p>\n<p>10:00 - 12:00<\/p>\n<\/td>\n<\/tr>\n<tr>\n<td width=\"64\">viernes<\/td>\n<td width=\"109\">2 de octubre<\/td>\n<td width=\"221\">Colaboraci\u00f3n de archivos<\/td>\n<td width=\"195\">10:00 - 12:00<\/td>\n<\/tr>\n<tr>\n<td width=\"64\">&nbsp;<\/p>\n<p>martes<\/p>\n<\/td>\n<td width=\"109\">&nbsp;<\/p>\n<p>6 de octubre<\/p>\n<\/td>\n<td width=\"221\">Libreta digital de clase con OneNote<\/td>\n<td width=\"195\">&nbsp;<\/p>\n<p>10:00 - 12:00<\/p>\n<\/td>\n<\/tr>\n<tr>\n<td width=\"64\">&nbsp;<\/p>\n<p>viernes<\/p>\n<\/td>\n<td width=\"109\">&nbsp;<\/p>\n<p>9 de octubre<\/p>\n<\/td>\n<td width=\"221\">Teams: Evaluaci\u00f3n y creaci\u00f3n de ex\u00e1menes<\/td>\n<td width=\"195\">&nbsp;<\/p>\n<p>10:00 - 12:00<\/p>\n<\/td>\n<\/tr>\n<tr>\n<td width=\"64\">martes<\/td>\n<td width=\"109\">13 de octubre<\/td>\n<td width=\"221\">Asignaci\u00f3n de tareas<\/td>\n<td width=\"195\">10:00 - 12:00<\/td>\n<\/tr>\n<\/tbody>\n<\/table>\n<p>&nbsp;<\/p>\n<h3><span style=\"color: #003366;\">IV.&nbsp;&nbsp; Bibliograf\u00eda<\/span><\/h3>\n<ul>\n<li>Qu\u00e9 es Office365?<\/li>\n<\/ul>\n<p>Office 365 es un servicio en la nube que a trav\u00e9s de una cuenta institucional federada con Office365 le da<\/p>\n<p>acceso a la comunidad a las siguientes aplicaciones<sup>1<\/sup>.<\/p>\n<p>&nbsp;<\/p>\n<ul>\n<li>OneDrive: Pueden subir todos sus archivos con almacenamiento de 1 TB<\/li>\n<li>OneNote: Crea libretas digitales que contienen recursos multimedia<\/li>\n<li>Sway: Crear presentaciones digitales<\/li>\n<li>Forms: Crea ex\u00e1menes auto calificables y encuestas hasta 50,000 personas con descarga autom\u00e1tica de datos. Tienes seis tipos diferentes de<\/li>\n<li>ClassNote: Crea libretas de clase para distribuir contenidos<\/li>\n<li>Teams: Comunicaci\u00f3n con todos los miembros de la instituci\u00f3n, acceso desde un tel\u00e9fono o dispositivo, agrega aplicaciones, asigna tareas, eval\u00faa a tus alumnos y trabaja de manera colaborativa, todo desde un solo lugar.<\/li>\n<li>Stream: Crea canales privados de video para la instituci\u00f3n sin publicidad externa<\/li>\n<\/ul>\n<p>&nbsp;<\/p>\n<p>&nbsp;<\/p>\n<p>1 Para ingresar a las aplicaciones de Office 365 ingrese en <u>https:\/\/portal.office.com<\/u> con su cuenta institucional<\/p>\n<p>&nbsp;<\/p>\n<hr \/>\n<ul>\n<li>Microsoft Educator Center (MEC)<\/li>\n<\/ul>\n<p>MEC es una plaforma en donde los docentes y administrativos pueden tomar los cursos bajo demanda pueden encontrar rutas de aprendizaje.<\/p>\n<p>El objetivo es aprender de manera efectiva la tecnolog\u00eda en el sal\u00f3n de clases ganar badges y constancias por completar los cursos.<\/p>\n<p>https:\/\/education.microsoft.com<\/p>\n<p>&nbsp;<\/p>\n<ul>\n<li>Microsoft Teams: Creaci\u00f3n y seguimiento de espacios de aula colaborativos <u>https:\/\/education.microsoft.com\/es-419\/course\/2806a39f\/overview<\/u><\/li>\n<li>Sitio documentaci\u00f3n t\u00e9cnica<\/li>\n<\/ul>\n<p><u>https:\/\/support.office.com\/es-es\/article\/crear-un-equipo-de-personal-en-microsoft-<\/u> <u>teams-314ac9d5-36a9-408e-8ae4-7ef20e9f1ddf<\/u><\/p>\n<p>&nbsp;<\/p>\n<h3><span style=\"color: #003366;\">IV. Recursos y materiales requeridos<\/span><\/h3>\n<p><strong>&nbsp;<\/strong>Requisitos<\/p>\n<ol>\n<li>Cuenta institucional de Office 365<\/li>\n<li>Registro en el portal a Microsoft Educatior Center (MEC) <u>https:\/\/education.microsoft.com<\/u><\/li>\n<\/ol>\n<p>&nbsp;<\/p>\n<p>Video tutorial de como registrarse a la MEC <u>https:\/\/aka.ms\/365comunidadMX\/<\/u><\/p>\n<ol start=\"3\">\n<li>Dispositivo Windows<\/li>\n<li>Conectividad<\/li>\n<\/ol>\n<\/div>\n<\/div><\/div><\/div><\/div><\/div>","protected":false},"excerpt":{"rendered":"<p>I. Datos generales: T\u00edtulo: Innovaci\u00f3n y actualizaci\u00f3n de procesos de aprendizaje con Teams Instructor o docente: Ediel Cortes:&nbsp;&nbsp; ecortes@dchkw.com.mx Mariana M\u00e9ndez Rodr\u00edguez :&nbsp; &nbsp;v-mmende@microsoft.com Duraci\u00f3n: 10 horas \u00c1rea: Formaci\u00f3n para la docencia, Formaci\u00f3n para la gesti\u00f3n universitaria Modalidad de impartici\u00f3n: &nbsp;A distancia Periodo: Del 29 de septiembre al 13 de Octubre de 2020. Programa de &hellip; <\/p>\n","protected":false},"author":1,"featured_media":5374,"comment_status":"closed","ping_status":"closed","sticky":false,"template":"","format":"standard","meta":{"_exactmetrics_skip_tracking":false,"_exactmetrics_sitenote_active":false,"_exactmetrics_sitenote_note":"","_exactmetrics_sitenote_category":0,"ngg_post_thumbnail":0,"footnotes":""},"categories":[18,35],"tags":[],"class_list":["post-5373","post","type-post","status-publish","format-standard","has-post-thumbnail","hentry","category-talleres","category-tecnologias-emergentes","latest_post"],"rttpg_featured_image_url":{"full":["https:\/\/encuentro-tic.anuies.mx\/ctrl-content\/uploads\/sites\/6\/2020\/06\/MicrosoftTeams.jpg",400,264,false],"landscape":["https:\/\/encuentro-tic.anuies.mx\/ctrl-content\/uploads\/sites\/6\/2020\/06\/MicrosoftTeams.jpg",400,264,false],"portraits":["https:\/\/encuentro-tic.anuies.mx\/ctrl-content\/uploads\/sites\/6\/2020\/06\/MicrosoftTeams.jpg",400,264,false],"thumbnail":["https:\/\/encuentro-tic.anuies.mx\/ctrl-content\/uploads\/sites\/6\/2020\/06\/MicrosoftTeams-150x150.jpg",150,150,true],"medium":["https:\/\/encuentro-tic.anuies.mx\/ctrl-content\/uploads\/sites\/6\/2020\/06\/MicrosoftTeams-300x198.jpg",300,198,true],"large":["https:\/\/encuentro-tic.anuies.mx\/ctrl-content\/uploads\/sites\/6\/2020\/06\/MicrosoftTeams.jpg",400,264,false],"post-slider-thumb-size":["https:\/\/encuentro-tic.anuies.mx\/ctrl-content\/uploads\/sites\/6\/2020\/06\/MicrosoftTeams.jpg",288,190,false],"1536x1536":["https:\/\/encuentro-tic.anuies.mx\/ctrl-content\/uploads\/sites\/6\/2020\/06\/MicrosoftTeams.jpg",400,264,false],"2048x2048":["https:\/\/encuentro-tic.anuies.mx\/ctrl-content\/uploads\/sites\/6\/2020\/06\/MicrosoftTeams.jpg",400,264,false],"the-conference-banner-slider":["https:\/\/encuentro-tic.anuies.mx\/ctrl-content\/uploads\/sites\/6\/2020\/06\/MicrosoftTeams.jpg",400,264,false],"the-conference-featured-page":["https:\/\/encuentro-tic.anuies.mx\/ctrl-content\/uploads\/sites\/6\/2020\/06\/MicrosoftTeams.jpg",400,264,false],"the-conference-icon-text-image":["https:\/\/encuentro-tic.anuies.mx\/ctrl-content\/uploads\/sites\/6\/2020\/06\/MicrosoftTeams.jpg",400,264,false],"the-conference-speaker":["https:\/\/encuentro-tic.anuies.mx\/ctrl-content\/uploads\/sites\/6\/2020\/06\/MicrosoftTeams-384x264.jpg",384,264,true],"the-conference-gallery":["https:\/\/encuentro-tic.anuies.mx\/ctrl-content\/uploads\/sites\/6\/2020\/06\/MicrosoftTeams.jpg",400,264,false],"the-conference-experience":["https:\/\/encuentro-tic.anuies.mx\/ctrl-content\/uploads\/sites\/6\/2020\/06\/MicrosoftTeams.jpg",400,264,false],"the-conference-blog":["https:\/\/encuentro-tic.anuies.mx\/ctrl-content\/uploads\/sites\/6\/2020\/06\/MicrosoftTeams.jpg",400,264,false],"the-conference-blog-fullwidth":["https:\/\/encuentro-tic.anuies.mx\/ctrl-content\/uploads\/sites\/6\/2020\/06\/MicrosoftTeams.jpg",400,264,false],"the-conference-related":["https:\/\/encuentro-tic.anuies.mx\/ctrl-content\/uploads\/sites\/6\/2020\/06\/MicrosoftTeams-110x83.jpg",110,83,true],"the-conference-schema":["https:\/\/encuentro-tic.anuies.mx\/ctrl-content\/uploads\/sites\/6\/2020\/06\/MicrosoftTeams-400x60.jpg",400,60,true],"wpvr_mobile":["https:\/\/encuentro-tic.anuies.mx\/ctrl-content\/uploads\/sites\/6\/2020\/06\/MicrosoftTeams.jpg",400,264,false],"sow-carousel-default":["https:\/\/encuentro-tic.anuies.mx\/ctrl-content\/uploads\/sites\/6\/2020\/06\/MicrosoftTeams-272x182.jpg",272,182,true]},"rttpg_author":{"display_name":"ctrlweb","author_link":"https:\/\/encuentro-tic.anuies.mx\/2020\/blog\/author\/ctrlweb\/"},"rttpg_comment":0,"rttpg_category":"<a href=\"https:\/\/encuentro-tic.anuies.mx\/2020\/blog\/category\/talleres\/\" rel=\"category tag\">Talleres<\/a> <a href=\"https:\/\/encuentro-tic.anuies.mx\/2020\/blog\/category\/talleres\/tecnologias-emergentes\/\" rel=\"category tag\">Tecnolog\u00edas emergentes<\/a>","rttpg_excerpt":"I. Datos generales: T\u00edtulo: Innovaci\u00f3n y actualizaci\u00f3n de procesos de aprendizaje con Teams Instructor o docente: Ediel Cortes:&nbsp;&nbsp; ecortes@dchkw.com.mx Mariana M\u00e9ndez Rodr\u00edguez :&nbsp; &nbsp;v-mmende@microsoft.com Duraci\u00f3n: 10 horas \u00c1rea: Formaci\u00f3n para la docencia, Formaci\u00f3n para la gesti\u00f3n universitaria Modalidad de impartici\u00f3n: &nbsp;A distancia Periodo: Del 29 de septiembre al 13 de Octubre de 2020. Programa de&hellip;","_links":{"self":[{"href":"https:\/\/encuentro-tic.anuies.mx\/2020\/wp-json\/wp\/v2\/posts\/5373","targetHints":{"allow":["GET"]}}],"collection":[{"href":"https:\/\/encuentro-tic.anuies.mx\/2020\/wp-json\/wp\/v2\/posts"}],"about":[{"href":"https:\/\/encuentro-tic.anuies.mx\/2020\/wp-json\/wp\/v2\/types\/post"}],"author":[{"embeddable":true,"href":"https:\/\/encuentro-tic.anuies.mx\/2020\/wp-json\/wp\/v2\/users\/1"}],"replies":[{"embeddable":true,"href":"https:\/\/encuentro-tic.anuies.mx\/2020\/wp-json\/wp\/v2\/comments?post=5373"}],"version-history":[{"count":8,"href":"https:\/\/encuentro-tic.anuies.mx\/2020\/wp-json\/wp\/v2\/posts\/5373\/revisions"}],"predecessor-version":[{"id":6026,"href":"https:\/\/encuentro-tic.anuies.mx\/2020\/wp-json\/wp\/v2\/posts\/5373\/revisions\/6026"}],"wp:featuredmedia":[{"embeddable":true,"href":"https:\/\/encuentro-tic.anuies.mx\/2020\/wp-json\/wp\/v2\/media\/5374"}],"wp:attachment":[{"href":"https:\/\/encuentro-tic.anuies.mx\/2020\/wp-json\/wp\/v2\/media?parent=5373"}],"wp:term":[{"taxonomy":"category","embeddable":true,"href":"https:\/\/encuentro-tic.anuies.mx\/2020\/wp-json\/wp\/v2\/categories?post=5373"},{"taxonomy":"post_tag","embeddable":true,"href":"https:\/\/encuentro-tic.anuies.mx\/2020\/wp-json\/wp\/v2\/tags?post=5373"}],"curies":[{"name":"wp","href":"https:\/\/api.w.org\/{rel}","templated":true}]}}